{"id":1009,"date":"2013-06-13T10:42:13","date_gmt":"2013-06-13T14:42:13","guid":{"rendered":"http:\/\/www.brazilianpress.com\/v1\/?p=1009"},"modified":"2013-06-13T10:42:13","modified_gmt":"2013-06-13T14:42:13","slug":"agenda-cultural-by-roger-costa-13062013","status":"publish","type":"post","link":"https:\/\/www.brazilianpress.com\/v1\/2013\/06\/13\/agenda-cultural-by-roger-costa-13062013\/","title":{"rendered":"Agenda Cultural By Roger Costa . 13\/06\/2013"},"content":{"rendered":"<p><b><i>*Newark Museum (49 Washinton Street)<\/i><\/b>&#8211; Neste s\u00e1bado \u00e0s 7pm, os comediantes Marcelo Marrom e Rodrigo Capella (foto) causar\u00e3o muitas gargalhadas com as trapalhadas do show de com\u00e9dia \u201cPreto &amp; Branco\u201d. Ingressos $30. Informa\u00e7\u00f5es e reservas: (973)855-6313 ou (908)510-5440. Realiza\u00e7\u00e3o Paganini Dance Fitness and Martial Arts.<!--more--><\/p>\n<p><img loading=\"lazy\" class=\"alignnone size-full wp-image-1011\" alt=\"agenda cultural ed 1631 20130603 (2)\" src=\"http:\/\/www.brazilianpress.com\/v1\/wp-content\/uploads\/2013\/06\/agenda-cultural-ed-1631-20130603-2.jpg\" width=\"500\" height=\"333\" srcset=\"https:\/\/www.brazilianpress.com\/v1\/wp-content\/uploads\/2013\/06\/agenda-cultural-ed-1631-20130603-2.jpg 500w, https:\/\/www.brazilianpress.com\/v1\/wp-content\/uploads\/2013\/06\/agenda-cultural-ed-1631-20130603-2-300x199.jpg 300w\" sizes=\"(max-width: 500px) 100vw, 500px\" \/><\/p>\n<p><b><i>*Summer Stage Central Park (E.72 5<sup>TH<\/sup> Avenue)-<\/i><\/b> Foi iniciada a temporada 2013, e nesta sexta \u00e0s 8pm, os apresentadores Jonathan Coulton e Ophira Eisenberg comandam uma programa\u00e7\u00e3o de concursos, jogos e muita com\u00e9dia com a participa\u00e7\u00e3o imediata do p\u00fablico presente. No domingo a festa \u00e9 Verde e Amarela, o 11\u00ba Brazilian Film Festival encerra sua programa\u00e7\u00e3o com uma partida de futebol \u00e0s 4pm, para oficializar a contagem regressiva para a Copa do Mundo, premia\u00e7\u00e3o dos melhores filmes exibidos no Festival deste ano e logo ap\u00f3s show da cantora Preta Gil. A entrada \u00e9 gratuita. Visite <a href=\"http:\/\/www.summerstage.org\">www.summerstage.org<\/a>.<\/p>\n<p><b><i>*Museum of Moving Image (36-01 35th Avenue, Astoria)-<\/i><\/b> \u00daltima chance de conferir a mostra \u201cSpectacle: The Music Video\u201d, colet\u00e2nia que tra\u00e7a a hist\u00f3ria do surgimento dos video-clips, com palestras, exposi\u00e7\u00f5es e filmes. No Sab\u00e1do \u00e1s 7pm, Uma Noite especial com o m\u00fasico e cineasta Woodkid, diretor de videoclips famosos como \u201cBorn To Die\u201d de Lana Del Rey,\u00a0 \u201cTeenage Dream\u201d de Katy Perry e \u201cTake Care\u201d de Rihanna. Ele estar\u00e1 presente para discutir sua carreira e o processo de cria\u00e7\u00e3o. E no Domingo, um Workshop para toda a familia, onde as crian\u00e7as poder\u00e3o criar seu pr\u00f3prio video-clip com a ajuda de profissionais. Visite <a href=\"http:\/\/www.movinimage.us\">www.movinimage.us<\/a>.<\/p>\n<p><b><i>*Film Society of Lincoln Center (165W 65th St., Broadway)-<\/i><\/b> O celebrado ator de Hong Kong Jackie Chan ganha uma retrospectiva de seus maiores sucessos a partir do dia 23, dando in\u00edcio ao New York Asian Film Festival. E para quem curte um filme de horror a meia-noite, a s\u00e9rie Midnight Films continua assombrando os apreciadores do g\u00eanero e nesta sexta ser\u00e1 exibido o cl\u00e1ssico de Wes Craven \u201cDeadly Blessing\u201d. Visite <a href=\"http:\/\/www.filmlinc.com\">www.filmlinc.com<\/a>.<\/p>\n<p><img loading=\"lazy\" class=\"alignnone size-full wp-image-1010\" alt=\"agenda cultural ed 1631 20130603 (1)\" src=\"http:\/\/www.brazilianpress.com\/v1\/wp-content\/uploads\/2013\/06\/agenda-cultural-ed-1631-20130603-1.jpg\" width=\"350\" height=\"526\" srcset=\"https:\/\/www.brazilianpress.com\/v1\/wp-content\/uploads\/2013\/06\/agenda-cultural-ed-1631-20130603-1.jpg 350w, https:\/\/www.brazilianpress.com\/v1\/wp-content\/uploads\/2013\/06\/agenda-cultural-ed-1631-20130603-1-199x300.jpg 199w\" sizes=\"(max-width: 350px) 100vw, 350px\" \/><\/p>\n<p><b><i>*Livro \u201cI Believe In Me\u201d-<\/i><\/b> A escritora Jennifer Becker (foto), conhecida como a Mrs. New York acaba de lan\u00e7ar o livro de auto-ajuda para todas as idades \u201cI Believe In Me\u201d contando a ir\u00f4nica hist\u00f3ria de uma formiga que passa o tempo preocupando-se com a vida e sociedade, tem o objetivo de alertar os perigos do bullying, motivando crian\u00e7as e adultos a participarem da luta contra esse crime social. Informa\u00e7\u00f5es: (917)683-0443. Visite <a href=\"http:\/\/www.lulu.com\">www.lulu.com<\/a>.<\/p>\n","protected":false},"excerpt":{"rendered":"<p>*Newark Museum (49 Washinton Street)&#8211; Neste s\u00e1bado \u00e0s 7pm, os comediantes Marcelo Marrom e Rodrigo Capella (foto) causar\u00e3o muitas gargalhadas com as trapalhadas do show de com\u00e9dia \u201cPreto &amp; Branco\u201d. Ingressos $30. Informa\u00e7\u00f5es e reservas: (973)855-6313 ou (908)510-5440. Realiza\u00e7\u00e3o Paganini Dance Fitness and Martial Arts.<\/p>\n","protected":false},"author":1,"featured_media":1011,"comment_status":"open","ping_status":"open","sticky":false,"template":"","format":"standard","meta":{"_links_to":"","_links_to_target":""},"categories":[20,5,1],"tags":[],"views":2698,"_links":{"self":[{"href":"https:\/\/www.brazilianpress.com\/v1\/wp-json\/wp\/v2\/posts\/1009"}],"collection":[{"href":"https:\/\/www.brazilianpress.com\/v1\/wp-json\/wp\/v2\/posts"}],"about":[{"href":"https:\/\/www.brazilianpress.com\/v1\/wp-json\/wp\/v2\/types\/post"}],"author":[{"embeddable":true,"href":"https:\/\/www.brazilianpress.com\/v1\/wp-json\/wp\/v2\/users\/1"}],"replies":[{"embeddable":true,"href":"https:\/\/www.brazilianpress.com\/v1\/wp-json\/wp\/v2\/comments?post=1009"}],"version-history":[{"count":2,"href":"https:\/\/www.brazilianpress.com\/v1\/wp-json\/wp\/v2\/posts\/1009\/revisions"}],"predecessor-version":[{"id":1013,"href":"https:\/\/www.brazilianpress.com\/v1\/wp-json\/wp\/v2\/posts\/1009\/revisions\/1013"}],"wp:featuredmedia":[{"embeddable":true,"href":"https:\/\/www.brazilianpress.com\/v1\/wp-json\/wp\/v2\/media\/1011"}],"wp:attachment":[{"href":"https:\/\/www.brazilianpress.com\/v1\/wp-json\/wp\/v2\/media?parent=1009"}],"wp:term":[{"taxonomy":"category","embeddable":true,"href":"https:\/\/www.brazilianpress.com\/v1\/wp-json\/wp\/v2\/categories?post=1009"},{"taxonomy":"post_tag","embeddable":true,"href":"https:\/\/www.brazilianpress.com\/v1\/wp-json\/wp\/v2\/tags?post=1009"}],"curies":[{"name":"wp","href":"https:\/\/api.w.org\/{rel}","templated":true}]}}