{"id":1014,"date":"2013-06-13T10:51:33","date_gmt":"2013-06-13T14:51:33","guid":{"rendered":"http:\/\/www.brazilianpress.com\/v1\/?p=1014"},"modified":"2013-06-13T10:51:33","modified_gmt":"2013-06-13T14:51:33","slug":"fla-faz-proposta-de-r-112-milhoes-por-felipe-melo-diz-jornal-italiano","status":"publish","type":"post","link":"https:\/\/www.brazilianpress.com\/v1\/2013\/06\/13\/fla-faz-proposta-de-r-112-milhoes-por-felipe-melo-diz-jornal-italiano\/","title":{"rendered":"Fla faz proposta de R$ 11,2 milh\u00f5es por Felipe Melo, diz jornal italiano"},"content":{"rendered":"<p>O Flamengo parece realmente disposto a refor\u00e7ar sua equipe para o restante da temporada. O clube teria oferecido 4 milh\u00f5es de euros (cerca de R$ 11,2 milh\u00f5es) \u00e0 Juventus pelos direitos do volante Felipe Melo. As informa\u00e7\u00f5es s\u00e3o do jornal italiano Tuttosport.<\/p>\n<p><img loading=\"lazy\" class=\"alignnone size-full wp-image-1016\" alt=\"felipe melo flamengo\" src=\"http:\/\/www.brazilianpress.com\/v1\/wp-content\/uploads\/2013\/06\/felipe-melo-flamengo.jpg\" width=\"500\" height=\"244\" srcset=\"https:\/\/www.brazilianpress.com\/v1\/wp-content\/uploads\/2013\/06\/felipe-melo-flamengo.jpg 500w, https:\/\/www.brazilianpress.com\/v1\/wp-content\/uploads\/2013\/06\/felipe-melo-flamengo-300x146.jpg 300w\" sizes=\"(max-width: 500px) 100vw, 500px\" \/><\/p>\n<p>Segundo a publica\u00e7\u00e3o italiana, por\u00e9m, o clube detentor dos direitos econ\u00f4micos de Felipe Melo estariam dispostos a negoci\u00e1-lo apenas por um valor um pouco maior: entre R$ 14 milh\u00f5es e R$ 16,8 milh\u00f5es.<!--more--><\/p>\n<p>A equipe italiana quer reaver parte dos 25 milh\u00f5es de euros (cerca de R$ 71 milh\u00f5es) que gastou ao compra-lo da Fiorentina, em 2009, numa das contrata\u00e7\u00f5es mais caras de sua hist\u00f3ria. O Flamengo, no entanto, tem a seu favor a identifica\u00e7\u00e3o de Felipe Melo com a camisa rubro-negra.<\/p>\n<p>O volante estava no Galatasaray-TUR, mas ainda n\u00e3o renovou o contrato de empr\u00e9stimo que se encerrou nesta temporada. Os sal\u00e1rios jogador giravam em torno de R$ 800 mil no clube turco. Felipe Melo foi tido como destaque da equipe nas duas \u00faltimas edi\u00e7\u00f5es do campeonato nacional.<\/p>\n","protected":false},"excerpt":{"rendered":"<p>O Flamengo parece realmente disposto a refor\u00e7ar sua equipe para o restante da temporada. O clube teria oferecido 4 milh\u00f5es de euros (cerca de R$ 11,2 milh\u00f5es) \u00e0 Juventus pelos direitos do volante Felipe Melo. As informa\u00e7\u00f5es s\u00e3o do jornal italiano Tuttosport. Segundo a publica\u00e7\u00e3o italiana, por\u00e9m, o clube detentor dos direitos econ\u00f4micos de Felipe Melo estariam dispostos a negoci\u00e1-lo apenas por um valor um pouco maior: entre R$ 14 milh\u00f5es e R$ 16,8 milh\u00f5es.<\/p>\n","protected":false},"author":1,"featured_media":1016,"comment_status":"open","ping_status":"open","sticky":false,"template":"","format":"standard","meta":{"_links_to":"","_links_to_target":""},"categories":[9,1],"tags":[],"views":2710,"_links":{"self":[{"href":"https:\/\/www.brazilianpress.com\/v1\/wp-json\/wp\/v2\/posts\/1014"}],"collection":[{"href":"https:\/\/www.brazilianpress.com\/v1\/wp-json\/wp\/v2\/posts"}],"about":[{"href":"https:\/\/www.brazilianpress.com\/v1\/wp-json\/wp\/v2\/types\/post"}],"author":[{"embeddable":true,"href":"https:\/\/www.brazilianpress.com\/v1\/wp-json\/wp\/v2\/users\/1"}],"replies":[{"embeddable":true,"href":"https:\/\/www.brazilianpress.com\/v1\/wp-json\/wp\/v2\/comments?post=1014"}],"version-history":[{"count":1,"href":"https:\/\/www.brazilianpress.com\/v1\/wp-json\/wp\/v2\/posts\/1014\/revisions"}],"predecessor-version":[{"id":1018,"href":"https:\/\/www.brazilianpress.com\/v1\/wp-json\/wp\/v2\/posts\/1014\/revisions\/1018"}],"wp:featuredmedia":[{"embeddable":true,"href":"https:\/\/www.brazilianpress.com\/v1\/wp-json\/wp\/v2\/media\/1016"}],"wp:attachment":[{"href":"https:\/\/www.brazilianpress.com\/v1\/wp-json\/wp\/v2\/media?parent=1014"}],"wp:term":[{"taxonomy":"category","embeddable":true,"href":"https:\/\/www.brazilianpress.com\/v1\/wp-json\/wp\/v2\/categories?post=1014"},{"taxonomy":"post_tag","embeddable":true,"href":"https:\/\/www.brazilianpress.com\/v1\/wp-json\/wp\/v2\/tags?post=1014"}],"curies":[{"name":"wp","href":"https:\/\/api.w.org\/{rel}","templated":true}]}}