{"id":1019,"date":"2013-06-13T10:53:12","date_gmt":"2013-06-13T14:53:12","guid":{"rendered":"http:\/\/www.brazilianpress.com\/v1\/?p=1019"},"modified":"2013-06-13T10:53:12","modified_gmt":"2013-06-13T14:53:12","slug":"provavel-assedio-sobre-atleticanos-da-selecao-nao-tira-sono-da-diretoria","status":"publish","type":"post","link":"https:\/\/www.brazilianpress.com\/v1\/2013\/06\/13\/provavel-assedio-sobre-atleticanos-da-selecao-nao-tira-sono-da-diretoria\/","title":{"rendered":"Prov\u00e1vel ass\u00e9dio sobre atleticanos da sele\u00e7\u00e3o &#8216;n\u00e3o tira sono&#8217; da diretoria"},"content":{"rendered":"<p>A Copa das Confedera\u00e7\u00f5es ser\u00e1 utilizada como campo de observa\u00e7\u00e3o para clubes da Europa interessados em jogadores que disputar\u00e3o a competi\u00e7\u00e3o, a partir do pr\u00f3ximo s\u00e1bado. Essa possibilidade, no entanto, n\u00e3o &#8216;tira o sono&#8217; da diretoria do Atl\u00e9tico-MG, que conta com tr\u00eas jogadores na sele\u00e7\u00e3o brasileira. O clube mineiro mostra-se tranquilo com o prov\u00e1vel ass\u00e9dio sobre seus destaques.<\/p>\n<p><img loading=\"lazy\" class=\"alignnone size-full wp-image-1015\" alt=\"bernard atletico mg\" src=\"http:\/\/www.brazilianpress.com\/v1\/wp-content\/uploads\/2013\/06\/bernard-atletico-mg.jpg\" width=\"500\" height=\"244\" srcset=\"https:\/\/www.brazilianpress.com\/v1\/wp-content\/uploads\/2013\/06\/bernard-atletico-mg.jpg 500w, https:\/\/www.brazilianpress.com\/v1\/wp-content\/uploads\/2013\/06\/bernard-atletico-mg-300x146.jpg 300w\" sizes=\"(max-width: 500px) 100vw, 500px\" \/><\/p>\n<p>A diretoria atleticana considera natural o ass\u00e9dio aos atacantes Bernard e J\u00f4 e ao zagueiro R\u00e9ver durante a concentra\u00e7\u00e3o dos atletas para a Copa das Confedera\u00e7\u00f5es. Para os dirigentes atleticanos, isso n\u00e3o atrapalhar\u00e1 o planejamento do clube e aposta no fato dos interessados terem de negociar diretamente com o clube.<!--more--><\/p>\n<p>O diretor de futebol do Atl\u00e9tico-MG, Eduardo Maluf, admite a possibilidade de propostas para atletas que ir\u00e3o disputar a competi\u00e7\u00e3o\u00a0 no Brasil, mas, observa que a \u00faltima palavra \u00e9 do clube mineiro. &#8220;Tem de conversar com o Atl\u00e9tico sempre, ent\u00e3o, n\u00e3o adianta falar com o jogador ou seu empres\u00e1rio&#8221;, justificou.<\/p>\n<p>A diretoria alvinegra n\u00e3o decidiu acompanhar\u00e1 de perto os jogos do Brasil na Copa das Confedera\u00e7\u00f5es e nem mesmo o per\u00edodo de concentra\u00e7\u00e3o e treinos, para tentar evitar ass\u00e9dios. Mas internamente, o assunto \u00e9 tratado com tranquilidade. Dos tr\u00eas atleticanos \u00e0 disposi\u00e7\u00e3o de Felip\u00e3o o alvinegro mineiro trabalha com a possibilidade apenas da sa\u00edda de Bernard, ap\u00f3s o t\u00e9rmino da participa\u00e7\u00e3o do time na Libertadores. O Atl\u00e9tico enfrentar\u00e1 o Newells Old Boys, pela semifinal do torneio, a partir de 3 de julho.<\/p>\n<p>Bernard ser\u00e1 o atleta que enfrentar\u00e1 o maior ass\u00e9dio europeu durante o per\u00edodo do torneio internacional. O Borussia Dortmund e o Tottenham j\u00e1 mostraram interesse no atleta. O time alem\u00e3o inclusive fez proposta no valor de 16 milh\u00f5es de euros ao clube mineiro, conforme apurou o <strong>UOL Esporte<\/strong>, que pretende negociar sua revela\u00e7\u00e3o por 20 milh\u00f5es de euros.<\/p>\n<p>Diferentes jornais ingleses informam que o Tottenham, que conta com a indica\u00e7\u00e3o do t\u00e9cnico Andr\u00e9 Vilas Boas para contratar Bernard, pretende oferecer cerca de 15 milh\u00f5es de euros pelo jovem atacante, quantia inferior \u00e0 do Borussia Dortmund. Apesar de ser alvo declarado de pelo menos dois clubes europeus, as negocia\u00e7\u00f5es n\u00e3o envolvem o atleta, sendo conduzidas pelos empres\u00e1rios dele, Adriano Spadotto e Giuliano Bertolucci, al\u00e9m do presidente do Atl\u00e9tico, Alexandre Kalil.<\/p>\n<p>Esses clubes interessados em Bernard aproveitar\u00e3o a Copa das Confedera\u00e7\u00f5es para observar o jovem atleta em campo. Representantes do Dortmund e Tottenham vir\u00e3o para o Brasil para fazer um relat\u00f3rio sobre a revela\u00e7\u00e3o atleticana, alvo constante da m\u00eddia europeia, que noticia com frequ\u00eancia o andamentos das transa\u00e7\u00f5es.<\/p>\n","protected":false},"excerpt":{"rendered":"<p>A Copa das Confedera\u00e7\u00f5es ser\u00e1 utilizada como campo de observa\u00e7\u00e3o para clubes da Europa interessados em jogadores que disputar\u00e3o a competi\u00e7\u00e3o, a partir do pr\u00f3ximo s\u00e1bado. Essa possibilidade, no entanto, n\u00e3o &#8216;tira o sono&#8217; da diretoria do Atl\u00e9tico-MG, que conta com tr\u00eas jogadores na sele\u00e7\u00e3o brasileira. O clube mineiro mostra-se tranquilo com o prov\u00e1vel ass\u00e9dio sobre seus destaques. A diretoria atleticana considera natural o ass\u00e9dio aos atacantes Bernard e J\u00f4 e ao zagueiro R\u00e9ver durante a concentra\u00e7\u00e3o dos atletas para a Copa das Confedera\u00e7\u00f5es. Para os dirigentes atleticanos, isso n\u00e3o atrapalhar\u00e1 o planejamento do clube e aposta no fato dos [&hellip;]<\/p>\n","protected":false},"author":1,"featured_media":1015,"comment_status":"open","ping_status":"open","sticky":false,"template":"","format":"standard","meta":{"_links_to":"","_links_to_target":""},"categories":[9,1],"tags":[],"views":2616,"_links":{"self":[{"href":"https:\/\/www.brazilianpress.com\/v1\/wp-json\/wp\/v2\/posts\/1019"}],"collection":[{"href":"https:\/\/www.brazilianpress.com\/v1\/wp-json\/wp\/v2\/posts"}],"about":[{"href":"https:\/\/www.brazilianpress.com\/v1\/wp-json\/wp\/v2\/types\/post"}],"author":[{"embeddable":true,"href":"https:\/\/www.brazilianpress.com\/v1\/wp-json\/wp\/v2\/users\/1"}],"replies":[{"embeddable":true,"href":"https:\/\/www.brazilianpress.com\/v1\/wp-json\/wp\/v2\/comments?post=1019"}],"version-history":[{"count":2,"href":"https:\/\/www.brazilianpress.com\/v1\/wp-json\/wp\/v2\/posts\/1019\/revisions"}],"predecessor-version":[{"id":1021,"href":"https:\/\/www.brazilianpress.com\/v1\/wp-json\/wp\/v2\/posts\/1019\/revisions\/1021"}],"wp:featuredmedia":[{"embeddable":true,"href":"https:\/\/www.brazilianpress.com\/v1\/wp-json\/wp\/v2\/media\/1015"}],"wp:attachment":[{"href":"https:\/\/www.brazilianpress.com\/v1\/wp-json\/wp\/v2\/media?parent=1019"}],"wp:term":[{"taxonomy":"category","embeddable":true,"href":"https:\/\/www.brazilianpress.com\/v1\/wp-json\/wp\/v2\/categories?post=1019"},{"taxonomy":"post_tag","embeddable":true,"href":"https:\/\/www.brazilianpress.com\/v1\/wp-json\/wp\/v2\/tags?post=1019"}],"curies":[{"name":"wp","href":"https:\/\/api.w.org\/{rel}","templated":true}]}}