{"id":1032,"date":"2013-06-13T12:09:51","date_gmt":"2013-06-13T16:09:51","guid":{"rendered":"http:\/\/www.brazilianpress.com\/v1\/?p=1032"},"modified":"2013-06-13T12:59:40","modified_gmt":"2013-06-13T16:59:40","slug":"papa-francisco-diz-que-existe-um-lobby-gay-dentro-do-vaticano","status":"publish","type":"post","link":"https:\/\/www.brazilianpress.com\/v1\/2013\/06\/13\/papa-francisco-diz-que-existe-um-lobby-gay-dentro-do-vaticano\/","title":{"rendered":"Papa Francisco diz que existe um &#8216;lobby gay&#8217; dentro do Vaticano"},"content":{"rendered":"<p>O papa\u00a0Francisco\u00a0, 76, acredita que a comunidade LGBT tem influ\u00eancia importante na c\u00fapula da Igreja Cat\u00f3lica Apost\u00f3lica Romana, segundo o jornal italiano La Repubblica. \u201cMuito se fala do lobby gay, e \u00e9 verdade, ele existe&#8221;, teria dito o l\u00edder religioso, numa audi\u00eancia no Vaticano.<\/p>\n<p><img loading=\"lazy\" class=\"alignnone size-full wp-image-1027\" alt=\"papa\" src=\"http:\/\/www.brazilianpress.com\/v1\/wp-content\/uploads\/2013\/06\/papa.jpg\" width=\"500\" height=\"313\" srcset=\"https:\/\/www.brazilianpress.com\/v1\/wp-content\/uploads\/2013\/06\/papa.jpg 500w, https:\/\/www.brazilianpress.com\/v1\/wp-content\/uploads\/2013\/06\/papa-300x187.jpg 300w\" sizes=\"(max-width: 500px) 100vw, 500px\" \/><\/p>\n<p>A declara\u00e7\u00e3o teria sido dada na \u00faltima quinta-feira (06), durante uma audi\u00eancia do papa com a Confedera\u00e7\u00e3o Latino-Americana e Caribenha de Homens e Mulheres Religiosos (CLAR).<!--more--><\/p>\n<p>Para o religioso, a exist\u00eancia de certos grupos no Vaticano atrapalha a realiza\u00e7\u00e3o de reformas. \u201cNa c\u00faria, h\u00e1 pessoas verdadeiramente santas, mas tamb\u00e9m h\u00e1 corrup\u00e7\u00e3o\u201d, disse o l\u00edder m\u00e1ximo do catolicismo, segundo fonte do Vaticano ouvida pelo jornal.<\/p>\n<p>O suposto \u201clobby gay\u201d citado pelo papa estaria relacionado com um esc\u00e2ndalo de 2010, quando um membro do Vaticano foi acusado de contratar garotos de programa.<\/p>\n<p>Eleito em\u00a0conclave\u00a0no \u00faltimo m\u00eas de mar\u00e7o, o papa est\u00e1 com viagem marcada para o Brasil. No pr\u00f3ximo m\u00eas de julho, ele participa no Rio de Janeiro da Jornada Mundial da Juventude.<\/p>\n","protected":false},"excerpt":{"rendered":"<p>O papa\u00a0Francisco\u00a0, 76, acredita que a comunidade LGBT tem influ\u00eancia importante na c\u00fapula da Igreja Cat\u00f3lica Apost\u00f3lica Romana, segundo o jornal italiano La Repubblica. \u201cMuito se fala do lobby gay, e \u00e9 verdade, ele existe&#8221;, teria dito o l\u00edder religioso, numa audi\u00eancia no Vaticano. A declara\u00e7\u00e3o teria sido dada na \u00faltima quinta-feira (06), durante uma audi\u00eancia do papa com a Confedera\u00e7\u00e3o Latino-Americana e Caribenha de Homens e Mulheres Religiosos (CLAR).<\/p>\n","protected":false},"author":1,"featured_media":1027,"comment_status":"open","ping_status":"open","sticky":false,"template":"","format":"standard","meta":{"_links_to":"","_links_to_target":""},"categories":[8,1],"tags":[],"views":2498,"_links":{"self":[{"href":"https:\/\/www.brazilianpress.com\/v1\/wp-json\/wp\/v2\/posts\/1032"}],"collection":[{"href":"https:\/\/www.brazilianpress.com\/v1\/wp-json\/wp\/v2\/posts"}],"about":[{"href":"https:\/\/www.brazilianpress.com\/v1\/wp-json\/wp\/v2\/types\/post"}],"author":[{"embeddable":true,"href":"https:\/\/www.brazilianpress.com\/v1\/wp-json\/wp\/v2\/users\/1"}],"replies":[{"embeddable":true,"href":"https:\/\/www.brazilianpress.com\/v1\/wp-json\/wp\/v2\/comments?post=1032"}],"version-history":[{"count":3,"href":"https:\/\/www.brazilianpress.com\/v1\/wp-json\/wp\/v2\/posts\/1032\/revisions"}],"predecessor-version":[{"id":1075,"href":"https:\/\/www.brazilianpress.com\/v1\/wp-json\/wp\/v2\/posts\/1032\/revisions\/1075"}],"wp:featuredmedia":[{"embeddable":true,"href":"https:\/\/www.brazilianpress.com\/v1\/wp-json\/wp\/v2\/media\/1027"}],"wp:attachment":[{"href":"https:\/\/www.brazilianpress.com\/v1\/wp-json\/wp\/v2\/media?parent=1032"}],"wp:term":[{"taxonomy":"category","embeddable":true,"href":"https:\/\/www.brazilianpress.com\/v1\/wp-json\/wp\/v2\/categories?post=1032"},{"taxonomy":"post_tag","embeddable":true,"href":"https:\/\/www.brazilianpress.com\/v1\/wp-json\/wp\/v2\/tags?post=1032"}],"curies":[{"name":"wp","href":"https:\/\/api.w.org\/{rel}","templated":true}]}}