{"id":1040,"date":"2013-06-13T12:17:36","date_gmt":"2013-06-13T16:17:36","guid":{"rendered":"http:\/\/www.brazilianpress.com\/v1\/?p=1040"},"modified":"2013-06-13T12:17:36","modified_gmt":"2013-06-13T16:17:36","slug":"assassinatos-de-indigenas-no-brasil-crescem-269-nos-governos-dilma-e-lula","status":"publish","type":"post","link":"https:\/\/www.brazilianpress.com\/v1\/2013\/06\/13\/assassinatos-de-indigenas-no-brasil-crescem-269-nos-governos-dilma-e-lula\/","title":{"rendered":"Assassinatos de ind\u00edgenas no Brasil crescem 269% nos governos Dilma e Lula"},"content":{"rendered":"<p>Os assassinatos de ind\u00edgenas no Brasil aumentaram 269% nos governos petistas de Luiz In\u00e1cio Lula da Silva e Dilma Rousseff em compara\u00e7\u00e3o com os oito anos do tucano Fernando Henrique Cardoso, segundo dados do Conselho Indigenista Mission\u00e1rio (CIMI), \u00f3rg\u00e3o ligado \u00e0 Confer\u00eancia Nacional dos Bispos do Brasil (CNBB).<\/p>\n<p><img loading=\"lazy\" class=\"alignnone size-full wp-image-1037\" alt=\"indios brasil\" src=\"http:\/\/www.brazilianpress.com\/v1\/wp-content\/uploads\/2013\/06\/indios-brasil.jpg\" width=\"500\" height=\"313\" srcset=\"https:\/\/www.brazilianpress.com\/v1\/wp-content\/uploads\/2013\/06\/indios-brasil.jpg 500w, https:\/\/www.brazilianpress.com\/v1\/wp-content\/uploads\/2013\/06\/indios-brasil-300x187.jpg 300w\" sizes=\"(max-width: 500px) 100vw, 500px\" \/><\/p>\n<p><!--more-->De acordo com o CIMI, foram registrados 167 assassinatos de ind\u00edgenas no governo FHC, m\u00e9dia de 20,8 mortes por ano. J\u00e1 no governo Lula o n\u00famero subiu para 452 assassinatos, 56,5 em m\u00e9dia por ano, ou crescimento de 271%. Em 2011, o primeiro ano do governo Dilma, foram contabilizados 51 assassinatos de ind\u00edgenas pelo CIMI e em 2012 outras 57 mortes, de acordo com a Comiss\u00e3o Pastoral da Terra (CPT), m\u00e9dia de 54 mortes por ano, pr\u00f3xima \u00e0 do governo Lula e 260% maior do que a do governo tucano.<\/p>\n<p>Somados os dois per\u00edodos petistas foram cometidos em m\u00e9dia 56 assassinatos de ind\u00edgenas por ano, n\u00famero 269% a maior do que o dos mandatos de FHC.<\/p>\n<p>Segundo Cleber Buzatto, secret\u00e1rio executivo do CIMI, um dos motivos para o aumento da viol\u00eancia contra ind\u00edgenas nos governos de um partido que carrega a bandeira dos direitos humanos \u00e9 justamente a expectativa criada em rela\u00e7\u00e3o \u00e0 chegada de Lula ao poder.<\/p>\n<p>Al\u00e9m disso, segundo o CIMI, a lentid\u00e3o nas demarca\u00e7\u00f5es de algumas reservas, principalmente em Mato Grosso do Sul, se transformaram em bols\u00f5es de mis\u00e9ria nos quais os ind\u00edgenas ficaram vulner\u00e1veis a situa\u00e7\u00f5es de degrada\u00e7\u00e3o social semelhantes \u00e0s das periferias das grandes cidades como criminalidade, tr\u00e1fico e consumo de drogas.\u00a0Segundo dados da Funda\u00e7\u00e3o Nacional do \u00cdndio (Funai), foram homologadas 148 \u00e1reas ind\u00edgenas nos dois mandatos de Fernando Henrique e 84 nos governos Lula e nos dois primeiros anos do governo Dilma. Dados do governo informam que foram 91\u00a0\u00e1reas em favor dos \u00edndios nos \u00faltimos dez anos.<\/p>\n<p>No Congresso, h\u00e1 o temor de que a rebeli\u00e3o se espalhe pelas demais potenciais \u00e1reas de conflito Pa\u00eds a fora, sem contar o desgaste da imagem do governo do exterior, onde Dilma j\u00e1 \u00e9 vista com desconfian\u00e7a por suas a\u00e7\u00f5es na \u00e1rea ambiental.<\/p>\n<p>O senador Delc\u00eddio Amaral (PT-MS) teme que o caso dos terena se espalhe por outros Estados e defende que o governo compre 57 mil hectares para assentar os \u00edndios de Mato Grosso do Sul sem mexer nas terras dos fazendeiros.<\/p>\n<p>A nota informa ainda que as terras ind\u00edgenas ocupam, hoje, cerca de 120 milh\u00f5es de hectares &#8211; o que representa 13% do territ\u00f3rio nacional -, a \u00e1rea de plantio (lavouras) 7% e as \u00e1reas urbanas e de infraestrutura 2% do territ\u00f3rio. &#8220;Isso comprova o compromisso do Estado brasileiro com os povos ind\u00edgenas. Apenas nos \u00faltimos dez anos, o governo demarcou 91 \u00e1reas em favor dos \u00edndios&#8221;.<\/p>\n","protected":false},"excerpt":{"rendered":"<p>Os assassinatos de ind\u00edgenas no Brasil aumentaram 269% nos governos petistas de Luiz In\u00e1cio Lula da Silva e Dilma Rousseff em compara\u00e7\u00e3o com os oito anos do tucano Fernando Henrique Cardoso, segundo dados do Conselho Indigenista Mission\u00e1rio (CIMI), \u00f3rg\u00e3o ligado \u00e0 Confer\u00eancia Nacional dos Bispos do Brasil (CNBB).<\/p>\n","protected":false},"author":1,"featured_media":1037,"comment_status":"open","ping_status":"open","sticky":false,"template":"","format":"standard","meta":{"_links_to":"","_links_to_target":""},"categories":[7,1],"tags":[],"views":3093,"_links":{"self":[{"href":"https:\/\/www.brazilianpress.com\/v1\/wp-json\/wp\/v2\/posts\/1040"}],"collection":[{"href":"https:\/\/www.brazilianpress.com\/v1\/wp-json\/wp\/v2\/posts"}],"about":[{"href":"https:\/\/www.brazilianpress.com\/v1\/wp-json\/wp\/v2\/types\/post"}],"author":[{"embeddable":true,"href":"https:\/\/www.brazilianpress.com\/v1\/wp-json\/wp\/v2\/users\/1"}],"replies":[{"embeddable":true,"href":"https:\/\/www.brazilianpress.com\/v1\/wp-json\/wp\/v2\/comments?post=1040"}],"version-history":[{"count":1,"href":"https:\/\/www.brazilianpress.com\/v1\/wp-json\/wp\/v2\/posts\/1040\/revisions"}],"predecessor-version":[{"id":1041,"href":"https:\/\/www.brazilianpress.com\/v1\/wp-json\/wp\/v2\/posts\/1040\/revisions\/1041"}],"wp:featuredmedia":[{"embeddable":true,"href":"https:\/\/www.brazilianpress.com\/v1\/wp-json\/wp\/v2\/media\/1037"}],"wp:attachment":[{"href":"https:\/\/www.brazilianpress.com\/v1\/wp-json\/wp\/v2\/media?parent=1040"}],"wp:term":[{"taxonomy":"category","embeddable":true,"href":"https:\/\/www.brazilianpress.com\/v1\/wp-json\/wp\/v2\/categories?post=1040"},{"taxonomy":"post_tag","embeddable":true,"href":"https:\/\/www.brazilianpress.com\/v1\/wp-json\/wp\/v2\/tags?post=1040"}],"curies":[{"name":"wp","href":"https:\/\/api.w.org\/{rel}","templated":true}]}}