{"id":1042,"date":"2013-06-13T12:21:35","date_gmt":"2013-06-13T16:21:35","guid":{"rendered":"http:\/\/www.brazilianpress.com\/v1\/?p=1042"},"modified":"2013-06-13T12:21:35","modified_gmt":"2013-06-13T16:21:35","slug":"apple-anuncia-ios-7-maior-mudanca-no-sistema-desde-o-lancamento-do-iphone","status":"publish","type":"post","link":"https:\/\/www.brazilianpress.com\/v1\/2013\/06\/13\/apple-anuncia-ios-7-maior-mudanca-no-sistema-desde-o-lancamento-do-iphone\/","title":{"rendered":"Apple anuncia iOS 7, maior mudan\u00e7a no sistema desde o lan\u00e7amento do iPhone"},"content":{"rendered":"<p>A Apple anunciou, em sua confer\u00eancia anual para desenvolvedores realizada em San Francisco (EUA), a nova vers\u00e3o do sistema operacional iOS. O sistema, usado no\u00a0iPhone\u00a0e no iPad, ganhou um novo visual, que rompe com o design tradicional do sistema que estreou no mercado com o lan\u00e7amento do iPhone, em 2007. Para que est\u00e1 acostumado com o iPhone e o iPad, a atualiza\u00e7\u00e3o, que deve chegar at\u00e9 o final do ano, representa uma mudan\u00e7a radical nos dispositivos m\u00f3veis da Apple.<\/p>\n<p><img loading=\"lazy\" class=\"alignnone size-full wp-image-1045\" alt=\"iphone apple\" src=\"http:\/\/www.brazilianpress.com\/v1\/wp-content\/uploads\/2013\/06\/iphone-apple.jpg\" width=\"500\" height=\"313\" srcset=\"https:\/\/www.brazilianpress.com\/v1\/wp-content\/uploads\/2013\/06\/iphone-apple.jpg 500w, https:\/\/www.brazilianpress.com\/v1\/wp-content\/uploads\/2013\/06\/iphone-apple-300x187.jpg 300w\" sizes=\"(max-width: 500px) 100vw, 500px\" \/><\/p>\n<p><!--more-->O design mais moderno chega acompanhado por novos recursos, como o centro de controle, que pode ser acessado ao arrastar o dedo na tela a partir da base do aparelho. Por meio dessa tela, o usu\u00e1rio poder\u00e1 ligar o Wi-Fi, colocar o aparelho em modo avi\u00e3o, alterar o brilho da tela e ligar recursos como AirDrop e AirPlay. Todos os aplicativos para iOS passam a suportar o recurso de multitarefa, o que significa que o conte\u00fado do aplicativo j\u00e1 estar\u00e1 atualizado quando o usu\u00e1rio acess\u00e1-lo.<\/p>\n<p>A multitarefa em todos os aplicativos ser\u00e1 poss\u00edvel, segundo a Apple, porque o sistema operacional passar\u00e1 a monitorar o uso do\u00a0smartphone\u00a0ou tablet a partir de agora. Isso dignifica que ele poder\u00e1 se antecipar ao usu\u00e1rio deixando o aplicativo atualizado antes mesmo de ele abri-lo ou mesmo ajustar o aparelho automaticamente para gastar menos bateria ao longo do dia.<\/p>\n<p>A nova gera\u00e7\u00e3o do iOS ser\u00e1 suportada pelo iPhone 4, iPhone 4S e iPhone 5, al\u00e9m do iPad 2 em diante, iPad Mini e iPod Touch da quinta gera\u00e7\u00e3o em diante. Usu\u00e1rios de gera\u00e7\u00f5es mais antigas dos smartphones\u00a0e tablets da Apple n\u00e3o poder\u00e3o atualizar o software do dispositivo a partir do iOS 7.<\/p>\n<p>O aplicativo de assistente pessoal da Apple, o Siri, ser\u00e1 compat\u00edvel com os idiomas franc\u00eas e alem\u00e3o a partir do iOS 7. Os usu\u00e1rios agora tamb\u00e9m tem a op\u00e7\u00e3o de definir se a voz do assistente, que at\u00e9 ent\u00e3o era s\u00f3 feminina, continuar\u00e1 sendo de uma mulher ou uma voz masculina.<\/p>\n<p>A Apple tamb\u00e9m anunciou que, a partir de 2014, o iOS come\u00e7ar\u00e1 a ser embarcado em carros de 16 montadoras pelo mundo. Nesses carros, o Siri auxiliar\u00e1 o usu\u00e1rio a atender liga\u00e7\u00f5es recebidas no iPhone, responder mensagens, acessar dire\u00e7\u00f5es no aplicativo de mapas, entre outros. Tudo isso por meio de comandos de voz. No WWDC, a Ferrari foi a primeira montadora a anunciar a parceria com a Apple.<\/p>\n","protected":false},"excerpt":{"rendered":"<p>A Apple anunciou, em sua confer\u00eancia anual para desenvolvedores realizada em San Francisco (EUA), a nova vers\u00e3o do sistema operacional iOS. O sistema, usado no\u00a0iPhone\u00a0e no iPad, ganhou um novo visual, que rompe com o design tradicional do sistema que estreou no mercado com o lan\u00e7amento do iPhone, em 2007. Para que est\u00e1 acostumado com o iPhone e o iPad, a atualiza\u00e7\u00e3o, que deve chegar at\u00e9 o final do ano, representa uma mudan\u00e7a radical nos dispositivos m\u00f3veis da Apple.<\/p>\n","protected":false},"author":1,"featured_media":1045,"comment_status":"open","ping_status":"open","sticky":false,"template":"","format":"standard","meta":{"_links_to":"","_links_to_target":""},"categories":[1,10],"tags":[],"views":2684,"_links":{"self":[{"href":"https:\/\/www.brazilianpress.com\/v1\/wp-json\/wp\/v2\/posts\/1042"}],"collection":[{"href":"https:\/\/www.brazilianpress.com\/v1\/wp-json\/wp\/v2\/posts"}],"about":[{"href":"https:\/\/www.brazilianpress.com\/v1\/wp-json\/wp\/v2\/types\/post"}],"author":[{"embeddable":true,"href":"https:\/\/www.brazilianpress.com\/v1\/wp-json\/wp\/v2\/users\/1"}],"replies":[{"embeddable":true,"href":"https:\/\/www.brazilianpress.com\/v1\/wp-json\/wp\/v2\/comments?post=1042"}],"version-history":[{"count":1,"href":"https:\/\/www.brazilianpress.com\/v1\/wp-json\/wp\/v2\/posts\/1042\/revisions"}],"predecessor-version":[{"id":1046,"href":"https:\/\/www.brazilianpress.com\/v1\/wp-json\/wp\/v2\/posts\/1042\/revisions\/1046"}],"wp:featuredmedia":[{"embeddable":true,"href":"https:\/\/www.brazilianpress.com\/v1\/wp-json\/wp\/v2\/media\/1045"}],"wp:attachment":[{"href":"https:\/\/www.brazilianpress.com\/v1\/wp-json\/wp\/v2\/media?parent=1042"}],"wp:term":[{"taxonomy":"category","embeddable":true,"href":"https:\/\/www.brazilianpress.com\/v1\/wp-json\/wp\/v2\/categories?post=1042"},{"taxonomy":"post_tag","embeddable":true,"href":"https:\/\/www.brazilianpress.com\/v1\/wp-json\/wp\/v2\/tags?post=1042"}],"curies":[{"name":"wp","href":"https:\/\/api.w.org\/{rel}","templated":true}]}}