{"id":10998,"date":"2014-12-04T13:53:35","date_gmt":"2014-12-04T17:53:35","guid":{"rendered":"http:\/\/www.brazilianpress.com\/v1\/?p=10998"},"modified":"2014-12-04T15:39:11","modified_gmt":"2014-12-04T19:39:11","slug":"carro-bate-em-caminhao-e-espalha-meia-tonelada-de-maconha-na-regis-bittencourt-em-sp","status":"publish","type":"post","link":"https:\/\/www.brazilianpress.com\/v1\/2014\/12\/04\/carro-bate-em-caminhao-e-espalha-meia-tonelada-de-maconha-na-regis-bittencourt-em-sp\/","title":{"rendered":"Carro bate em caminh\u00e3o e espalha meia tonelada de maconha na R\u00e9gis Bittencourt, em SP"},"content":{"rendered":"<p><img loading=\"lazy\" class=\"alignnone size-full wp-image-10993\" src=\"http:\/\/www.brazilianpress.com\/v1\/wp-content\/uploads\/2014\/12\/maconha-rodovia-brasil.jpg\" alt=\"_maconha rodovia brasil\" width=\"500\" height=\"320\" srcset=\"https:\/\/www.brazilianpress.com\/v1\/wp-content\/uploads\/2014\/12\/maconha-rodovia-brasil.jpg 500w, https:\/\/www.brazilianpress.com\/v1\/wp-content\/uploads\/2014\/12\/maconha-rodovia-brasil-300x192.jpg 300w\" sizes=\"(max-width: 500px) 100vw, 500px\" \/><\/p>\n<p>Cerca de meia tonelada de maconha foi apreendida no \u00faltimo s\u00e1bado pela Pol\u00edcia Rodovi\u00e1ria Federal, na rodovia R\u00e9gis Bittencourt, em Registro, no Vale do Ribeira, interior de S\u00e3o Paulo. O ve\u00edculo que estava transportando a droga bateu de frente em um caminh\u00e3o, na altura do quil\u00f4metro 452, e os tabletes da maconha ficaram espalhados pela rodovia.<\/p>\n<p>De acordo com informa\u00e7\u00f5es da Pol\u00edcia, um casal estava no ve\u00edculo que seguia no sentido S\u00e3o Paulo. Os dois ficaram feridos e foram internados em hospitais da regi\u00e3o. O casal est\u00e1 acompanhado por policiais e ser\u00e1 preso por tr\u00e1fico de drogas quando receber alta.<!--more--><\/p>\n<p>Esta foi a segunda apreens\u00e3o de drogas na mesma regi\u00e3o em menos de 24 horas. Na \u00faltima sexta-feira, a Pol\u00edcia Rodovi\u00e1ria apreendeu cerca de uma tonelada de maconha, que estava em um carro roubado. O ve\u00edculo estava sendo dirigido por um jovem de 16 anos. A maconha vinha do Paraguai e estava sendo levada para S\u00e3o Paulo. Somente neste ano, a Pol\u00edcia Federal j\u00e1 apreendeu no Vale do Ribeira, mais de 3,5 toneladas de maconha.<\/p>\n","protected":false},"excerpt":{"rendered":"<p>Cerca de meia tonelada de maconha foi apreendida no \u00faltimo s\u00e1bado pela Pol\u00edcia Rodovi\u00e1ria Federal, na rodovia R\u00e9gis Bittencourt, em Registro, no Vale do Ribeira, interior de S\u00e3o Paulo. O ve\u00edculo que estava transportando a droga bateu de frente em um caminh\u00e3o, na altura do quil\u00f4metro 452, e os tabletes da maconha ficaram espalhados pela rodovia. De acordo com informa\u00e7\u00f5es da Pol\u00edcia, um casal estava no ve\u00edculo que seguia no sentido S\u00e3o Paulo. Os dois ficaram feridos e foram internados em hospitais da regi\u00e3o. O casal est\u00e1 acompanhado por policiais e ser\u00e1 preso por tr\u00e1fico de drogas quando receber alta.<\/p>\n","protected":false},"author":1,"featured_media":10993,"comment_status":"open","ping_status":"open","sticky":false,"template":"","format":"standard","meta":{"_links_to":"","_links_to_target":""},"categories":[7,1],"tags":[],"views":2983,"_links":{"self":[{"href":"https:\/\/www.brazilianpress.com\/v1\/wp-json\/wp\/v2\/posts\/10998"}],"collection":[{"href":"https:\/\/www.brazilianpress.com\/v1\/wp-json\/wp\/v2\/posts"}],"about":[{"href":"https:\/\/www.brazilianpress.com\/v1\/wp-json\/wp\/v2\/types\/post"}],"author":[{"embeddable":true,"href":"https:\/\/www.brazilianpress.com\/v1\/wp-json\/wp\/v2\/users\/1"}],"replies":[{"embeddable":true,"href":"https:\/\/www.brazilianpress.com\/v1\/wp-json\/wp\/v2\/comments?post=10998"}],"version-history":[{"count":1,"href":"https:\/\/www.brazilianpress.com\/v1\/wp-json\/wp\/v2\/posts\/10998\/revisions"}],"predecessor-version":[{"id":10999,"href":"https:\/\/www.brazilianpress.com\/v1\/wp-json\/wp\/v2\/posts\/10998\/revisions\/10999"}],"wp:featuredmedia":[{"embeddable":true,"href":"https:\/\/www.brazilianpress.com\/v1\/wp-json\/wp\/v2\/media\/10993"}],"wp:attachment":[{"href":"https:\/\/www.brazilianpress.com\/v1\/wp-json\/wp\/v2\/media?parent=10998"}],"wp:term":[{"taxonomy":"category","embeddable":true,"href":"https:\/\/www.brazilianpress.com\/v1\/wp-json\/wp\/v2\/categories?post=10998"},{"taxonomy":"post_tag","embeddable":true,"href":"https:\/\/www.brazilianpress.com\/v1\/wp-json\/wp\/v2\/tags?post=10998"}],"curies":[{"name":"wp","href":"https:\/\/api.w.org\/{rel}","templated":true}]}}