{"id":11010,"date":"2014-12-04T15:00:32","date_gmt":"2014-12-04T19:00:32","guid":{"rendered":"http:\/\/www.brazilianpress.com\/v1\/?p=11010"},"modified":"2015-04-23T10:45:13","modified_gmt":"2015-04-23T14:45:13","slug":"rejes-salomao-estreiara-coluna-no-brazilian-press","status":"publish","type":"post","link":"https:\/\/www.brazilianpress.com\/v1\/2014\/12\/04\/rejes-salomao-estreiara-coluna-no-brazilian-press\/","title":{"rendered":"Rejes Salom\u00e3o estreiar\u00e1 coluna no Brazilian Press"},"content":{"rendered":"<p><img loading=\"lazy\" class=\"alignnone size-full wp-image-11011\" src=\"http:\/\/www.brazilianpress.com\/v1\/wp-content\/uploads\/2014\/12\/rejes-salomao.jpg\" alt=\"rejes salomao\" width=\"500\" height=\"384\" srcset=\"https:\/\/www.brazilianpress.com\/v1\/wp-content\/uploads\/2014\/12\/rejes-salomao.jpg 500w, https:\/\/www.brazilianpress.com\/v1\/wp-content\/uploads\/2014\/12\/rejes-salomao-300x230.jpg 300w\" sizes=\"(max-width: 500px) 100vw, 500px\" \/><\/p>\n<p>\u00c9 \u00a0com muita alegria e entusiasmo que \u00a0 A partir da\u00a0pr\u00f3xima\u00a0edi\u00e7\u00e3o do BP, estarei trazendo atrav\u00e9s da coluna <strong>FATOS E FOTOS\u00a0CONEX\u00c3O BRASIL<\/strong> , onde fatos de pessoas not\u00f3rias , artistas, personalidades e claro fotos de eventos sociais , culturais e empresariais \u00a0enfim \u00e9 not\u00edcia no Brasil, ser\u00e1 destacado nesta coluna , e voc\u00ea leitor que tem fam\u00edlia no Brasil poder\u00e1 receber uma mensagem de algu\u00e9m querido, mensagens estas enviadas para nosso email: rejessalomao@hotmail.com para quem nao me conhece sou Rejes Salomao apresentador do programa Top Tv exibido na Tv Record Leste de Gov. Valadares . Espero que curtam a nossa coluna e aguardo sugest\u00f5es, forte abra\u00e7o e at\u00e9 a pr\u00f3xima edi\u00e7\u00e3o&#8230;..<\/p>\n","protected":false},"excerpt":{"rendered":"<p>\u00c9 \u00a0com muita alegria e entusiasmo que \u00a0 A partir da\u00a0pr\u00f3xima\u00a0edi\u00e7\u00e3o do BP, estarei trazendo atrav\u00e9s da coluna FATOS E FOTOS\u00a0CONEX\u00c3O BRASIL , onde fatos de pessoas not\u00f3rias , artistas, personalidades e claro fotos de eventos sociais , culturais e empresariais \u00a0enfim \u00e9 not\u00edcia no Brasil, ser\u00e1 destacado nesta coluna , e voc\u00ea leitor que tem fam\u00edlia no Brasil poder\u00e1 receber uma mensagem de algu\u00e9m querido, mensagens estas enviadas para nosso email: rejessalomao@hotmail.com para quem nao me conhece sou Rejes Salomao apresentador do programa Top Tv exibido na Tv Record Leste de Gov. Valadares . Espero que curtam a nossa [&hellip;]<\/p>\n","protected":false},"author":1,"featured_media":11011,"comment_status":"open","ping_status":"open","sticky":false,"template":"","format":"standard","meta":{"_links_to":"","_links_to_target":""},"categories":[4,19,1],"tags":[],"views":2947,"_links":{"self":[{"href":"https:\/\/www.brazilianpress.com\/v1\/wp-json\/wp\/v2\/posts\/11010"}],"collection":[{"href":"https:\/\/www.brazilianpress.com\/v1\/wp-json\/wp\/v2\/posts"}],"about":[{"href":"https:\/\/www.brazilianpress.com\/v1\/wp-json\/wp\/v2\/types\/post"}],"author":[{"embeddable":true,"href":"https:\/\/www.brazilianpress.com\/v1\/wp-json\/wp\/v2\/users\/1"}],"replies":[{"embeddable":true,"href":"https:\/\/www.brazilianpress.com\/v1\/wp-json\/wp\/v2\/comments?post=11010"}],"version-history":[{"count":1,"href":"https:\/\/www.brazilianpress.com\/v1\/wp-json\/wp\/v2\/posts\/11010\/revisions"}],"predecessor-version":[{"id":11012,"href":"https:\/\/www.brazilianpress.com\/v1\/wp-json\/wp\/v2\/posts\/11010\/revisions\/11012"}],"wp:featuredmedia":[{"embeddable":true,"href":"https:\/\/www.brazilianpress.com\/v1\/wp-json\/wp\/v2\/media\/11011"}],"wp:attachment":[{"href":"https:\/\/www.brazilianpress.com\/v1\/wp-json\/wp\/v2\/media?parent=11010"}],"wp:term":[{"taxonomy":"category","embeddable":true,"href":"https:\/\/www.brazilianpress.com\/v1\/wp-json\/wp\/v2\/categories?post=11010"},{"taxonomy":"post_tag","embeddable":true,"href":"https:\/\/www.brazilianpress.com\/v1\/wp-json\/wp\/v2\/tags?post=11010"}],"curies":[{"name":"wp","href":"https:\/\/api.w.org\/{rel}","templated":true}]}}