{"id":11023,"date":"2014-12-04T15:16:41","date_gmt":"2014-12-04T19:16:41","guid":{"rendered":"http:\/\/www.brazilianpress.com\/v1\/?p=11023"},"modified":"2014-12-04T15:16:41","modified_gmt":"2014-12-04T19:16:41","slug":"grupo-brasileiro-camerata-aberta-apresenta-composicoes-contemporaneas-em-manhattan","status":"publish","type":"post","link":"https:\/\/www.brazilianpress.com\/v1\/2014\/12\/04\/grupo-brasileiro-camerata-aberta-apresenta-composicoes-contemporaneas-em-manhattan\/","title":{"rendered":"Grupo brasileiro Camerata Aberta apresenta composi\u00e7\u00f5es contempor\u00e2neas em Manhattan"},"content":{"rendered":"<p><img loading=\"lazy\" class=\"alignnone size-full wp-image-11024\" src=\"http:\/\/www.brazilianpress.com\/v1\/wp-content\/uploads\/2014\/12\/camera-aberta-grupo.jpg\" alt=\"camera aberta grupo\" width=\"500\" height=\"406\" srcset=\"https:\/\/www.brazilianpress.com\/v1\/wp-content\/uploads\/2014\/12\/camera-aberta-grupo.jpg 500w, https:\/\/www.brazilianpress.com\/v1\/wp-content\/uploads\/2014\/12\/camera-aberta-grupo-300x243.jpg 300w\" sizes=\"(max-width: 500px) 100vw, 500px\" \/><\/p>\n<p><strong><em>Jr. Schutt<\/em><\/strong>&#8211; Formado por um grupo de 16 professores da Escola de M\u00fasica do Estado de S\u00e3o Paulo -Tom Jobim, e criado a partir de um projeto idealizado pelo Minist\u00e9rio da Cultura com objetivo de criar um grupo de m\u00fasicos dedicados \u00e0 difus\u00e3o e cria\u00e7\u00e3o de m\u00fasica instrumental contempor\u00e2nea, o Camerata Aberta chega a Manhattan pela terceira vez para apresentarem novas leituras de compositores brasileiros de trabalhos compostos no s\u00e9culo 20 e 21.<!--more--><\/p>\n<p>O grupo tem a inten\u00e7\u00e3o de quebrar a barreira de afastamento do p\u00fablico por m\u00fasica cl\u00e1sssica, formada de m\u00fasicos competentes e dedicados, dando uma roupagem contempor\u00e2nea e mais acess\u00edvel para atrair a nova gera\u00e7\u00e3o. O primeiro \u00e1lbum deles, &#8220;Espelho D&#8217;\u00c1gua&#8221; recebeu o Pr\u00eamio Bravo de Melhor CD de M\u00fasica Cl\u00e1ssica, e desde ent\u00e3o j\u00e1 apresentaram-se em v\u00e1rios festivais, como o celebrado Festival de Campos do Jord\u00e3o, e concertos ao redor do mundo, incluindo o Amsterdam Concertgebouw e a Sala Cec\u00edlia Meireles no Rio.<\/p>\n<p>O grupo \u00e9 formado pela flautista Cassia Carrascoza, Luis Afonso Montanha na clarinete, Martin Tuska no violino, Lidia Bazarian no piano, entre outros, sob a dire\u00e7\u00e3o de S\u00e9rgio Kafejian. O espet\u00e1culo acontece na pr\u00f3xima quinta-feira, dia 11 \u00e0s 7h00pm nas instala\u00e7\u00f5es do Americas Society, 680 Park Avenue, esquina da East 68th Street. Ingresso: $20. Visite <a href=\"http:\/\/www.as-coa.org%20\" target=\"_blank\">www.as-coa.org <\/a>para mais detalhes.<\/p>\n","protected":false},"excerpt":{"rendered":"<p>Jr. Schutt&#8211; Formado por um grupo de 16 professores da Escola de M\u00fasica do Estado de S\u00e3o Paulo -Tom Jobim, e criado a partir de um projeto idealizado pelo Minist\u00e9rio da Cultura com objetivo de criar um grupo de m\u00fasicos dedicados \u00e0 difus\u00e3o e cria\u00e7\u00e3o de m\u00fasica instrumental contempor\u00e2nea, o Camerata Aberta chega a Manhattan pela terceira vez para apresentarem novas leituras de compositores brasileiros de trabalhos compostos no s\u00e9culo 20 e 21.<\/p>\n","protected":false},"author":1,"featured_media":11024,"comment_status":"open","ping_status":"open","sticky":false,"template":"","format":"standard","meta":{"_links_to":"","_links_to_target":""},"categories":[4,1],"tags":[],"views":2321,"_links":{"self":[{"href":"https:\/\/www.brazilianpress.com\/v1\/wp-json\/wp\/v2\/posts\/11023"}],"collection":[{"href":"https:\/\/www.brazilianpress.com\/v1\/wp-json\/wp\/v2\/posts"}],"about":[{"href":"https:\/\/www.brazilianpress.com\/v1\/wp-json\/wp\/v2\/types\/post"}],"author":[{"embeddable":true,"href":"https:\/\/www.brazilianpress.com\/v1\/wp-json\/wp\/v2\/users\/1"}],"replies":[{"embeddable":true,"href":"https:\/\/www.brazilianpress.com\/v1\/wp-json\/wp\/v2\/comments?post=11023"}],"version-history":[{"count":1,"href":"https:\/\/www.brazilianpress.com\/v1\/wp-json\/wp\/v2\/posts\/11023\/revisions"}],"predecessor-version":[{"id":11025,"href":"https:\/\/www.brazilianpress.com\/v1\/wp-json\/wp\/v2\/posts\/11023\/revisions\/11025"}],"wp:featuredmedia":[{"embeddable":true,"href":"https:\/\/www.brazilianpress.com\/v1\/wp-json\/wp\/v2\/media\/11024"}],"wp:attachment":[{"href":"https:\/\/www.brazilianpress.com\/v1\/wp-json\/wp\/v2\/media?parent=11023"}],"wp:term":[{"taxonomy":"category","embeddable":true,"href":"https:\/\/www.brazilianpress.com\/v1\/wp-json\/wp\/v2\/categories?post=11023"},{"taxonomy":"post_tag","embeddable":true,"href":"https:\/\/www.brazilianpress.com\/v1\/wp-json\/wp\/v2\/tags?post=11023"}],"curies":[{"name":"wp","href":"https:\/\/api.w.org\/{rel}","templated":true}]}}