{"id":11155,"date":"2014-12-11T10:11:39","date_gmt":"2014-12-11T14:11:39","guid":{"rendered":"http:\/\/www.brazilianpress.com\/v1\/?p=11155"},"modified":"2015-04-23T10:45:13","modified_gmt":"2015-04-23T14:45:13","slug":"fatos-fotos-by-rejes-salomao-11122014","status":"publish","type":"post","link":"https:\/\/www.brazilianpress.com\/v1\/2014\/12\/11\/fatos-fotos-by-rejes-salomao-11122014\/","title":{"rendered":"Fatos &#038; Fotos, by Rejes Salom\u00e3o . 11\/12\/2014"},"content":{"rendered":"<p><img loading=\"lazy\" class=\"alignnone size-full wp-image-11156\" src=\"http:\/\/www.brazilianpress.com\/v1\/wp-content\/uploads\/2014\/12\/fatos-fotos-rejes-salomao.jpg\" alt=\"fatos fotos rejes salomao\" width=\"500\" height=\"164\" srcset=\"https:\/\/www.brazilianpress.com\/v1\/wp-content\/uploads\/2014\/12\/fatos-fotos-rejes-salomao.jpg 500w, https:\/\/www.brazilianpress.com\/v1\/wp-content\/uploads\/2014\/12\/fatos-fotos-rejes-salomao-300x98.jpg 300w\" sizes=\"(max-width: 500px) 100vw, 500px\" \/><\/p>\n<p><em><strong><img loading=\"lazy\" class=\"alignnone size-full wp-image-11157\" src=\"http:\/\/www.brazilianpress.com\/v1\/wp-content\/uploads\/2014\/12\/Fatos-e-fotos-1.jpg\" alt=\"Fatos e fotos 1\" width=\"383\" height=\"391\" srcset=\"https:\/\/www.brazilianpress.com\/v1\/wp-content\/uploads\/2014\/12\/Fatos-e-fotos-1.jpg 383w, https:\/\/www.brazilianpress.com\/v1\/wp-content\/uploads\/2014\/12\/Fatos-e-fotos-1-293x300.jpg 293w\" sizes=\"(max-width: 383px) 100vw, 383px\" \/><br \/>\nPrefeito da cidade de Nacip RaidanMarcellus e primeira dama do munic\u00edpio<\/strong><\/em><\/p>\n<p><em><strong><img loading=\"lazy\" class=\"alignnone size-full wp-image-11158\" src=\"http:\/\/www.brazilianpress.com\/v1\/wp-content\/uploads\/2014\/12\/Fatos-e-fotos-2.jpg\" alt=\"Fatos e fotos 2\" width=\"496\" height=\"360\" srcset=\"https:\/\/www.brazilianpress.com\/v1\/wp-content\/uploads\/2014\/12\/Fatos-e-fotos-2.jpg 496w, https:\/\/www.brazilianpress.com\/v1\/wp-content\/uploads\/2014\/12\/Fatos-e-fotos-2-300x217.jpg 300w\" sizes=\"(max-width: 496px) 100vw, 496px\" \/><br \/>\nHudson Mendes, Paola Queir\u00f3s ,Isabel Soares em noite de confraterniza\u00e7\u00e3o de Dezembro<\/strong><!--more--><\/em><\/p>\n<p><em><strong><img loading=\"lazy\" class=\"alignnone size-full wp-image-11159\" src=\"http:\/\/www.brazilianpress.com\/v1\/wp-content\/uploads\/2014\/12\/Fatos-e-fotos-3-.jpg\" alt=\"Fatos e fotos 3\" width=\"301\" height=\"395\" srcset=\"https:\/\/www.brazilianpress.com\/v1\/wp-content\/uploads\/2014\/12\/Fatos-e-fotos-3-.jpg 301w, https:\/\/www.brazilianpress.com\/v1\/wp-content\/uploads\/2014\/12\/Fatos-e-fotos-3--228x300.jpg 228w\" sizes=\"(max-width: 301px) 100vw, 301px\" \/><br \/>\nRejes Salom\u00e3o sendo recebido no camarim pelo cantor Israel Novaes em show na regi\u00e3o do Vale Rio Doce<\/strong><\/em><\/p>\n<p><em><strong><img loading=\"lazy\" class=\"alignnone size-full wp-image-11160\" src=\"http:\/\/www.brazilianpress.com\/v1\/wp-content\/uploads\/2014\/12\/Fatos-e-fotos-4-.jpg\" alt=\"Fatos e fotos 4\" width=\"312\" height=\"312\" srcset=\"https:\/\/www.brazilianpress.com\/v1\/wp-content\/uploads\/2014\/12\/Fatos-e-fotos-4-.jpg 312w, https:\/\/www.brazilianpress.com\/v1\/wp-content\/uploads\/2014\/12\/Fatos-e-fotos-4--150x150.jpg 150w, https:\/\/www.brazilianpress.com\/v1\/wp-content\/uploads\/2014\/12\/Fatos-e-fotos-4--300x300.jpg 300w\" sizes=\"(max-width: 312px) 100vw, 312px\" \/><br \/>\nM\u00e9dico Neurologista Ricardo Sacramento e sua noiva Karine Gomes Endocrinologista, os dois atuantes na sa\u00fade de Valadares<\/strong><\/em><\/p>\n<p><em><strong><img loading=\"lazy\" class=\"alignnone size-full wp-image-11161\" src=\"http:\/\/www.brazilianpress.com\/v1\/wp-content\/uploads\/2014\/12\/Fatos-e-fotos-5-.jpg\" alt=\"Fatos e fotos 5\" width=\"294\" height=\"267\" \/><br \/>\nSayonara Calhau e Carminha Luz , no Natal da fofa em Valadares<\/strong><\/em><\/p>\n<p><em><strong><img loading=\"lazy\" class=\"alignnone size-full wp-image-11162\" src=\"http:\/\/www.brazilianpress.com\/v1\/wp-content\/uploads\/2014\/12\/Fatos-e-fotos-6-.jpg\" alt=\"Fatos e fotos 6\" width=\"278\" height=\"211\" \/><br \/>\nClaudia Leite recebe o amigo Rejes Salom\u00e3o antes do show em Valadares<\/strong><\/em><\/p>\n","protected":false},"excerpt":{"rendered":"<p>Prefeito da cidade de Nacip RaidanMarcellus e primeira dama do munic\u00edpio Hudson Mendes, Paola Queir\u00f3s ,Isabel Soares em noite de confraterniza\u00e7\u00e3o de Dezembro<\/p>\n","protected":false},"author":1,"featured_media":11011,"comment_status":"open","ping_status":"open","sticky":false,"template":"","format":"standard","meta":{"_links_to":"","_links_to_target":""},"categories":[4,19,1],"tags":[],"views":4270,"_links":{"self":[{"href":"https:\/\/www.brazilianpress.com\/v1\/wp-json\/wp\/v2\/posts\/11155"}],"collection":[{"href":"https:\/\/www.brazilianpress.com\/v1\/wp-json\/wp\/v2\/posts"}],"about":[{"href":"https:\/\/www.brazilianpress.com\/v1\/wp-json\/wp\/v2\/types\/post"}],"author":[{"embeddable":true,"href":"https:\/\/www.brazilianpress.com\/v1\/wp-json\/wp\/v2\/users\/1"}],"replies":[{"embeddable":true,"href":"https:\/\/www.brazilianpress.com\/v1\/wp-json\/wp\/v2\/comments?post=11155"}],"version-history":[{"count":1,"href":"https:\/\/www.brazilianpress.com\/v1\/wp-json\/wp\/v2\/posts\/11155\/revisions"}],"predecessor-version":[{"id":11163,"href":"https:\/\/www.brazilianpress.com\/v1\/wp-json\/wp\/v2\/posts\/11155\/revisions\/11163"}],"wp:featuredmedia":[{"embeddable":true,"href":"https:\/\/www.brazilianpress.com\/v1\/wp-json\/wp\/v2\/media\/11011"}],"wp:attachment":[{"href":"https:\/\/www.brazilianpress.com\/v1\/wp-json\/wp\/v2\/media?parent=11155"}],"wp:term":[{"taxonomy":"category","embeddable":true,"href":"https:\/\/www.brazilianpress.com\/v1\/wp-json\/wp\/v2\/categories?post=11155"},{"taxonomy":"post_tag","embeddable":true,"href":"https:\/\/www.brazilianpress.com\/v1\/wp-json\/wp\/v2\/tags?post=11155"}],"curies":[{"name":"wp","href":"https:\/\/api.w.org\/{rel}","templated":true}]}}