{"id":11395,"date":"2014-12-26T06:04:33","date_gmt":"2014-12-26T10:04:33","guid":{"rendered":"http:\/\/www.brazilianpress.com\/v1\/?p=11395"},"modified":"2015-01-02T08:45:38","modified_gmt":"2015-01-02T12:45:38","slug":"social-press-26122014","status":"publish","type":"post","link":"https:\/\/www.brazilianpress.com\/v1\/2014\/12\/26\/social-press-26122014\/","title":{"rendered":"Social Press . 26\/12\/2014"},"content":{"rendered":"<p><em><strong><img loading=\"lazy\" class=\"alignnone size-full wp-image-11374\" src=\"http:\/\/www.brazilianpress.com\/v1\/wp-content\/uploads\/2014\/12\/social-press-ed1711-20141226-1.jpg\" alt=\"social press ed1711 20141226 (1)\" width=\"450\" height=\"350\" srcset=\"https:\/\/www.brazilianpress.com\/v1\/wp-content\/uploads\/2014\/12\/social-press-ed1711-20141226-1.jpg 450w, https:\/\/www.brazilianpress.com\/v1\/wp-content\/uploads\/2014\/12\/social-press-ed1711-20141226-1-300x233.jpg 300w\" sizes=\"(max-width: 450px) 100vw, 450px\" \/><br \/>\nNossas felicita\u00e7\u00f5es \u00e0 pequena Giovanna Dias, pela coragem e determina\u00e7\u00e3o no aux\u00edlio ao pr\u00f3ximo, doando seu cabelo em prol da Luta contra o C\u00e2ncer. A\u00e7\u00e3o exemplar em tempo de solidariedade.<\/strong><\/em><\/p>\n<p><em><strong><img loading=\"lazy\" class=\"alignnone size-full wp-image-11384\" src=\"http:\/\/www.brazilianpress.com\/v1\/wp-content\/uploads\/2014\/12\/social-press-ed1711-20141226-11.jpg\" alt=\"social press ed1711 20141226 (11)\" width=\"450\" height=\"300\" srcset=\"https:\/\/www.brazilianpress.com\/v1\/wp-content\/uploads\/2014\/12\/social-press-ed1711-20141226-11.jpg 450w, https:\/\/www.brazilianpress.com\/v1\/wp-content\/uploads\/2014\/12\/social-press-ed1711-20141226-11-300x200.jpg 300w\" sizes=\"(max-width: 450px) 100vw, 450px\" \/><br \/>\nA Galera da Reda\u00e7\u00e3o do Brazilian Press celebrou o ciclo de mais um ano de sucesso ao lado de amigos, curtindo um divertido amigo secreto, repleto de resenhas e Alegria. Happy 2015!<\/strong><\/em><\/p>\n<p><em><strong><img loading=\"lazy\" class=\"alignnone size-full wp-image-11385\" src=\"http:\/\/www.brazilianpress.com\/v1\/wp-content\/uploads\/2014\/12\/social-press-ed1711-20141226-12.jpg\" alt=\"social press ed1711 20141226 (12)\" width=\"300\" height=\"533\" \/><br \/>\nA Fam\u00edlia Costa est\u00e1 muito orgulhosa da gat\u00edssima Gabriela Costa, que acaba de formar-se pela Escola de Engenharia Eletro-Mec\u00e2nica da Bahia. Forte Abra\u00e7o e votos de Muito Sucesso!<\/strong><\/em><!--more--><\/p>\n<p><em><strong><img loading=\"lazy\" class=\"alignnone size-full wp-image-11386\" src=\"http:\/\/www.brazilianpress.com\/v1\/wp-content\/uploads\/2014\/12\/social-press-ed1711-20141226-13.jpg\" alt=\"social press ed1711 20141226 (13)\" width=\"450\" height=\"300\" srcset=\"https:\/\/www.brazilianpress.com\/v1\/wp-content\/uploads\/2014\/12\/social-press-ed1711-20141226-13.jpg 450w, https:\/\/www.brazilianpress.com\/v1\/wp-content\/uploads\/2014\/12\/social-press-ed1711-20141226-13-300x200.jpg 300w\" sizes=\"(max-width: 450px) 100vw, 450px\" \/><br \/>\nModern Arts: A Fam\u00edlia Mendes, vinda de S\u00e3o Paulo foram descobrir as novas tend\u00eancias da arte moderna no badalado MoMA, Museum of Modern Arts em Manhattan.<\/strong><\/em><\/p>\n<p><em><strong><img loading=\"lazy\" class=\"alignnone size-full wp-image-11387\" src=\"http:\/\/www.brazilianpress.com\/v1\/wp-content\/uploads\/2014\/12\/social-press-ed1711-20141226-14.jpg\" alt=\"social press ed1711 20141226 (14)\" width=\"350\" height=\"467\" srcset=\"https:\/\/www.brazilianpress.com\/v1\/wp-content\/uploads\/2014\/12\/social-press-ed1711-20141226-14.jpg 350w, https:\/\/www.brazilianpress.com\/v1\/wp-content\/uploads\/2014\/12\/social-press-ed1711-20141226-14-224x300.jpg 224w\" sizes=\"(max-width: 350px) 100vw, 350px\" \/><br \/>\nOlha que fofura! Melany Branda e uma amiguinha divertindo-se durante o intervalo da programa\u00e7\u00e3o de Natal realizada na Igreja Adventista de Newark. Gl\u00f3ria a Deus pelos pequeninos!<\/strong><\/em><\/p>\n<p><em><strong><img loading=\"lazy\" class=\"alignnone size-full wp-image-11388\" src=\"http:\/\/www.brazilianpress.com\/v1\/wp-content\/uploads\/2014\/12\/social-press-ed1711-20141226-15.jpg\" alt=\"social press ed1711 20141226 (15)\" width=\"350\" height=\"467\" srcset=\"https:\/\/www.brazilianpress.com\/v1\/wp-content\/uploads\/2014\/12\/social-press-ed1711-20141226-15.jpg 350w, https:\/\/www.brazilianpress.com\/v1\/wp-content\/uploads\/2014\/12\/social-press-ed1711-20141226-15-224x300.jpg 224w\" sizes=\"(max-width: 350px) 100vw, 350px\" \/><br \/>\nA pequena Sophie, completou 1 aninho e recebeu do papai Bruno Santos, uma festa super animada com o tema de Princesa. Happy Birthday!<\/strong><\/em><\/p>\n<p><em><strong><img loading=\"lazy\" class=\"alignnone size-full wp-image-11389\" src=\"http:\/\/www.brazilianpress.com\/v1\/wp-content\/uploads\/2014\/12\/social-press-ed1711-20141226-16.jpg\" alt=\"social press ed1711 20141226 (16)\" width=\"450\" height=\"300\" srcset=\"https:\/\/www.brazilianpress.com\/v1\/wp-content\/uploads\/2014\/12\/social-press-ed1711-20141226-16.jpg 450w, https:\/\/www.brazilianpress.com\/v1\/wp-content\/uploads\/2014\/12\/social-press-ed1711-20141226-16-300x200.jpg 300w\" sizes=\"(max-width: 450px) 100vw, 450px\" \/><br \/>\nSauda\u00e7\u00f5es ao chefe da Union Mr. Veal, ao lado da empres\u00e1ria Ta\u00eds Mubarak, que reuniu amigos e funcion\u00e1rios para uma confraterniza\u00e7\u00e3o de Natal na Churrascaria Boi na Brasa. Keep Up the Good Work!<\/strong><\/em><\/p>\n<p><em><strong><img loading=\"lazy\" class=\"alignnone size-full wp-image-11390\" src=\"http:\/\/www.brazilianpress.com\/v1\/wp-content\/uploads\/2014\/12\/social-press-ed1711-20141226-17.jpg\" alt=\"social press ed1711 20141226 (17)\" width=\"350\" height=\"467\" srcset=\"https:\/\/www.brazilianpress.com\/v1\/wp-content\/uploads\/2014\/12\/social-press-ed1711-20141226-17.jpg 350w, https:\/\/www.brazilianpress.com\/v1\/wp-content\/uploads\/2014\/12\/social-press-ed1711-20141226-17-224x300.jpg 224w\" sizes=\"(max-width: 350px) 100vw, 350px\" \/><br \/>\nNosso amigo Henrique Lima e Karen aproveitaram altas aventuras radicais, explorando as t\u00e9cnicas de ski na Hunter Mountain! Awesome!<\/strong><\/em><\/p>\n<p><em><strong><img loading=\"lazy\" class=\"alignnone size-full wp-image-11391\" src=\"http:\/\/www.brazilianpress.com\/v1\/wp-content\/uploads\/2014\/12\/social-press-ed1711-20141226-18.jpg\" alt=\"social press ed1711 20141226 (18)\" width=\"350\" height=\"467\" srcset=\"https:\/\/www.brazilianpress.com\/v1\/wp-content\/uploads\/2014\/12\/social-press-ed1711-20141226-18.jpg 350w, https:\/\/www.brazilianpress.com\/v1\/wp-content\/uploads\/2014\/12\/social-press-ed1711-20141226-18-224x300.jpg 224w\" sizes=\"(max-width: 350px) 100vw, 350px\" \/><br \/>\nA pequena Rhadassa arrasou na produ\u00e7\u00e3o The Nutcracker realizada pela core\u00f3grafa e instrutora Kaira Costa em Newark s\u00e1bado passado! Parab\u00e9ns!<\/strong><\/em><\/p>\n<p><em><strong><img loading=\"lazy\" class=\"alignnone size-full wp-image-11375\" src=\"http:\/\/www.brazilianpress.com\/v1\/wp-content\/uploads\/2014\/12\/social-press-ed1711-20141226-2.jpg\" alt=\"social press ed1711 20141226 (2)\" width=\"450\" height=\"300\" srcset=\"https:\/\/www.brazilianpress.com\/v1\/wp-content\/uploads\/2014\/12\/social-press-ed1711-20141226-2.jpg 450w, https:\/\/www.brazilianpress.com\/v1\/wp-content\/uploads\/2014\/12\/social-press-ed1711-20141226-2-300x200.jpg 300w\" sizes=\"(max-width: 450px) 100vw, 450px\" \/><br \/>\nQuem gosta de Boa M\u00fasica deve conferir o talento do Super Cantor Andr\u00e9 Neves, animando a galera e tocando os cora\u00e7\u00f5es aos fins de semana no Casa Nova Grill. O Garoto \u00e9 Fera!<\/strong><\/em><\/p>\n<p><em><strong><img loading=\"lazy\" class=\"alignnone size-full wp-image-11376\" src=\"http:\/\/www.brazilianpress.com\/v1\/wp-content\/uploads\/2014\/12\/social-press-ed1711-20141226-3.jpg\" alt=\"social press ed1711 20141226 (3)\" width=\"450\" height=\"300\" srcset=\"https:\/\/www.brazilianpress.com\/v1\/wp-content\/uploads\/2014\/12\/social-press-ed1711-20141226-3.jpg 450w, https:\/\/www.brazilianpress.com\/v1\/wp-content\/uploads\/2014\/12\/social-press-ed1711-20141226-3-300x200.jpg 300w\" sizes=\"(max-width: 450px) 100vw, 450px\" \/><br \/>\nO Altas Horas Lanches \u00e9 parada obrigat\u00f3ria para quem quer descobrir os melhores past\u00e9is e sandu\u00edches da regi\u00e3o, al\u00e9m de novidades naturais para manter a boa forma. Cida e sua filhota Daniele estiveram por l\u00e1.<\/strong><\/em><\/p>\n<p><em><strong><img loading=\"lazy\" class=\"alignnone size-full wp-image-11377\" src=\"http:\/\/www.brazilianpress.com\/v1\/wp-content\/uploads\/2014\/12\/social-press-ed1711-20141226-4.jpg\" alt=\"social press ed1711 20141226 (4)\" width=\"350\" height=\"466\" srcset=\"https:\/\/www.brazilianpress.com\/v1\/wp-content\/uploads\/2014\/12\/social-press-ed1711-20141226-4.jpg 350w, https:\/\/www.brazilianpress.com\/v1\/wp-content\/uploads\/2014\/12\/social-press-ed1711-20141226-4-225x300.jpg 225w\" sizes=\"(max-width: 350px) 100vw, 350px\" \/><br \/>\nFurac\u00e3o Sensual: a paraense Dienne Costa aproveitou o fim de semana para finalizar as compras de Natal e desfilou o charme da mulher brasileira por onde passou. Arrasa!<\/strong><\/em><\/p>\n<p><em><strong><img loading=\"lazy\" class=\"alignnone size-full wp-image-11378\" src=\"http:\/\/www.brazilianpress.com\/v1\/wp-content\/uploads\/2014\/12\/social-press-ed1711-20141226-5.jpg\" alt=\"social press ed1711 20141226 (5)\" width=\"450\" height=\"338\" srcset=\"https:\/\/www.brazilianpress.com\/v1\/wp-content\/uploads\/2014\/12\/social-press-ed1711-20141226-5.jpg 450w, https:\/\/www.brazilianpress.com\/v1\/wp-content\/uploads\/2014\/12\/social-press-ed1711-20141226-5-300x225.jpg 300w\" sizes=\"(max-width: 450px) 100vw, 450px\" \/><br \/>\nA super gata baiana Renata Caldera, que reside em Mil\u00e3o, curtindo f\u00e9rias no Rio de Janeiro, terra de muito sol, corpos sarados, alegria e magia, Terra Brasileira!<\/strong><\/em><\/p>\n<p><em><strong><img loading=\"lazy\" class=\"alignnone size-full wp-image-11379\" src=\"http:\/\/www.brazilianpress.com\/v1\/wp-content\/uploads\/2014\/12\/social-press-ed1711-20141226-6.jpg\" alt=\"social press ed1711 20141226 (6)\" width=\"350\" height=\"438\" srcset=\"https:\/\/www.brazilianpress.com\/v1\/wp-content\/uploads\/2014\/12\/social-press-ed1711-20141226-6.jpg 350w, https:\/\/www.brazilianpress.com\/v1\/wp-content\/uploads\/2014\/12\/social-press-ed1711-20141226-6-239x300.jpg 239w\" sizes=\"(max-width: 350px) 100vw, 350px\" \/><br \/>\nA bel\u00edssima Melissa Yusti, natural do Peru, celebrou a passagem do Natal ao lado de amigos e familiares em sua resid\u00eancia em Astoria, Queens.<\/strong><\/em><\/p>\n<p><em><strong><img loading=\"lazy\" class=\"alignnone size-full wp-image-11380\" src=\"http:\/\/www.brazilianpress.com\/v1\/wp-content\/uploads\/2014\/12\/social-press-ed1711-20141226-7.jpg\" alt=\"social press ed1711 20141226 (7)\" width=\"450\" height=\"338\" srcset=\"https:\/\/www.brazilianpress.com\/v1\/wp-content\/uploads\/2014\/12\/social-press-ed1711-20141226-7.jpg 450w, https:\/\/www.brazilianpress.com\/v1\/wp-content\/uploads\/2014\/12\/social-press-ed1711-20141226-7-300x225.jpg 300w\" sizes=\"(max-width: 450px) 100vw, 450px\" \/><br \/>\nSuper simp\u00e1tica e prestativa, K\u00e1tia Zatta participou das celebra\u00e7\u00f5es de Natal com amigos e irm\u00e3os em Cristo na Igreja Saint James. Happy Holidays!<\/strong><\/em><\/p>\n<p><em><strong><img loading=\"lazy\" class=\"alignnone size-full wp-image-11381\" src=\"http:\/\/www.brazilianpress.com\/v1\/wp-content\/uploads\/2014\/12\/social-press-ed1711-20141226-8.jpg\" alt=\"social press ed1711 20141226 (8)\" width=\"450\" height=\"338\" srcset=\"https:\/\/www.brazilianpress.com\/v1\/wp-content\/uploads\/2014\/12\/social-press-ed1711-20141226-8.jpg 450w, https:\/\/www.brazilianpress.com\/v1\/wp-content\/uploads\/2014\/12\/social-press-ed1711-20141226-8-300x225.jpg 300w\" sizes=\"(max-width: 450px) 100vw, 450px\" \/><br \/>\nO NJPAC realizou uma programa\u00e7\u00e3o em observ\u00e2ncia ao Kwaanza, feriado afro-americano e homenageou a Cultura Brasileira com demonstra\u00e7\u00f5es art\u00edsticas para toda a fam\u00edlia s\u00e1bado passado.<\/strong><\/em><\/p>\n<p><em><strong><img loading=\"lazy\" class=\"alignnone size-full wp-image-11382\" src=\"http:\/\/www.brazilianpress.com\/v1\/wp-content\/uploads\/2014\/12\/social-press-ed1711-20141226-9.jpg\" alt=\"social press ed1711 20141226 (9)\" width=\"350\" height=\"467\" srcset=\"https:\/\/www.brazilianpress.com\/v1\/wp-content\/uploads\/2014\/12\/social-press-ed1711-20141226-9.jpg 350w, https:\/\/www.brazilianpress.com\/v1\/wp-content\/uploads\/2014\/12\/social-press-ed1711-20141226-9-224x300.jpg 224w\" sizes=\"(max-width: 350px) 100vw, 350px\" \/><br \/>\nSuper chique e elegante, a paulista Claudia Raphael esteve em Manhattan para conferir as maravilhosas vitrines de Natal e comprar os \u00faltimos presentinhos. Bom demais!<\/strong><\/em><\/p>\n<p><em><strong><img loading=\"lazy\" class=\"alignnone size-full wp-image-11383\" src=\"http:\/\/www.brazilianpress.com\/v1\/wp-content\/uploads\/2014\/12\/social-press-ed1711-20141226-10.jpg\" alt=\"social press ed1711 20141226 (10)\" width=\"400\" height=\"400\" srcset=\"https:\/\/www.brazilianpress.com\/v1\/wp-content\/uploads\/2014\/12\/social-press-ed1711-20141226-10.jpg 400w, https:\/\/www.brazilianpress.com\/v1\/wp-content\/uploads\/2014\/12\/social-press-ed1711-20141226-10-150x150.jpg 150w, https:\/\/www.brazilianpress.com\/v1\/wp-content\/uploads\/2014\/12\/social-press-ed1711-20141226-10-300x300.jpg 300w\" sizes=\"(max-width: 400px) 100vw, 400px\" \/><br \/>\nHappy Birthday \u00e0 mineira Polyana Cardoso, que acaba de completar mais uma Primavera, exibindo boa forma e atletismo, aqui ao lado do papai o camarada das lingui\u00e7as, Sr. Poly.<\/strong><\/em><\/p>\n","protected":false},"excerpt":{"rendered":"<p>Nossas felicita\u00e7\u00f5es \u00e0 pequena Giovanna Dias, pela coragem e determina\u00e7\u00e3o no aux\u00edlio ao pr\u00f3ximo, doando seu cabelo em prol da Luta contra o C\u00e2ncer. A\u00e7\u00e3o exemplar em tempo de solidariedade. A Galera da Reda\u00e7\u00e3o do Brazilian Press celebrou o ciclo de mais um ano de sucesso ao lado de amigos, curtindo um divertido amigo secreto, repleto de resenhas e Alegria. Happy 2015! A Fam\u00edlia Costa est\u00e1 muito orgulhosa da gat\u00edssima Gabriela Costa, que acaba de formar-se pela Escola de Engenharia Eletro-Mec\u00e2nica da Bahia. Forte Abra\u00e7o e votos de Muito Sucesso!<\/p>\n","protected":false},"author":1,"featured_media":11374,"comment_status":"open","ping_status":"open","sticky":false,"template":"","format":"standard","meta":{"_links_to":"","_links_to_target":""},"categories":[1,6],"tags":[],"views":2598,"_links":{"self":[{"href":"https:\/\/www.brazilianpress.com\/v1\/wp-json\/wp\/v2\/posts\/11395"}],"collection":[{"href":"https:\/\/www.brazilianpress.com\/v1\/wp-json\/wp\/v2\/posts"}],"about":[{"href":"https:\/\/www.brazilianpress.com\/v1\/wp-json\/wp\/v2\/types\/post"}],"author":[{"embeddable":true,"href":"https:\/\/www.brazilianpress.com\/v1\/wp-json\/wp\/v2\/users\/1"}],"replies":[{"embeddable":true,"href":"https:\/\/www.brazilianpress.com\/v1\/wp-json\/wp\/v2\/comments?post=11395"}],"version-history":[{"count":1,"href":"https:\/\/www.brazilianpress.com\/v1\/wp-json\/wp\/v2\/posts\/11395\/revisions"}],"predecessor-version":[{"id":11396,"href":"https:\/\/www.brazilianpress.com\/v1\/wp-json\/wp\/v2\/posts\/11395\/revisions\/11396"}],"wp:featuredmedia":[{"embeddable":true,"href":"https:\/\/www.brazilianpress.com\/v1\/wp-json\/wp\/v2\/media\/11374"}],"wp:attachment":[{"href":"https:\/\/www.brazilianpress.com\/v1\/wp-json\/wp\/v2\/media?parent=11395"}],"wp:term":[{"taxonomy":"category","embeddable":true,"href":"https:\/\/www.brazilianpress.com\/v1\/wp-json\/wp\/v2\/categories?post=11395"},{"taxonomy":"post_tag","embeddable":true,"href":"https:\/\/www.brazilianpress.com\/v1\/wp-json\/wp\/v2\/tags?post=11395"}],"curies":[{"name":"wp","href":"https:\/\/api.w.org\/{rel}","templated":true}]}}