{"id":11402,"date":"2014-12-26T12:39:39","date_gmt":"2014-12-26T16:39:39","guid":{"rendered":"http:\/\/www.brazilianpress.com\/v1\/?p=11402"},"modified":"2014-12-26T12:39:39","modified_gmt":"2014-12-26T16:39:39","slug":"fato-policial-by-roger-costa-26122014","status":"publish","type":"post","link":"https:\/\/www.brazilianpress.com\/v1\/2014\/12\/26\/fato-policial-by-roger-costa-26122014\/","title":{"rendered":"Fato Policial by Roger Costa . 26\/12\/2014"},"content":{"rendered":"<p><img loading=\"lazy\" class=\"alignright size-full wp-image-311\" src=\"http:\/\/www.brazilianpress.com\/v1\/wp-content\/uploads\/2013\/05\/fato_policia.jpg\" alt=\"fato_policia\" width=\"300\" height=\"226\" \/>\u2022\u2022\u2022 Devido ao assassinato de dois policiais de New York no \u00faltimo fim de semana, agentes de toda a \u00e1rea Tri-Estatal est\u00e3o tomando precau\u00e7\u00f5es extras para combater qualquer a\u00e7\u00e3o semelhante. Policiais em New York foram designados a atenderem qualquer chamado via r\u00e1dio, independente da avalia\u00e7\u00e3o do agente de despache. Em Newark, o Sheriff declarou que todo patrulhamento dever\u00e1 ser realizado por 2 ou mais agentes em cada viatura. Autoridades divulgaram que Ismaaiyl Brinsley \u00e9 o respons\u00e1vel pelo assassinato dos dois oficiais no s\u00e1bado e um dia depois outro policial foi morto na Fl\u00f3rida. Investiga\u00e7\u00f5es est\u00e3o sendo apuradas para determinar se os homic\u00eddios s\u00e3o parte dos protestos que assolam desde o Thanksgiving.<!--more--><\/p>\n<p>\u2022\u2022\u2022 Policiais em Fair Lawn, NJ, est\u00e3o \u00e0 ca\u00e7a do elemento acusado de shoplifting e agress\u00e3o em uma farm\u00e1cia da rede CVS. O incidente ocorreu na tarde de domingo, na CVS localizada na Fair Lawn Avenue. O sujeito foi descrito como branco, entre 40 e 50 anos, cabelos grisalhos. Aparentemente ele estava tentando escapar da farm\u00e1cia carregando uma cesta contendo mercadoria em rem\u00e9dios e bebidas energ\u00e9ticas estimados em quase $300 d\u00f3lares, quando foi abordado por uma funicion\u00e1ria de 40 anos. O homem conseguiu driblar a funcion\u00e1ria, socando-lhe o rosto e fugindo com a mercadoria. Imagens de c\u00e2meras de seguran\u00e7a mostram o suspeito correndo pelo estacionamento em dire\u00e7\u00e3o a Warren Street, mas agentes n\u00e3o conseguiram captur\u00e1-lo. Qualquer informa\u00e7\u00e3o favor contatar (201) 796-1400 Departamento de Pol\u00edcia de Fair Lawn.<\/p>\n<p>\u2022\u2022\u2022 Tr\u00eas pessoas ficaram garvemente feridas, incluindo dois policiais de New York, quando uma viatura e outro ve\u00edculo, que estava sendo perseguido, colidiram em um andaime no Harlem na madrugada de segunda-feira. Os ve\u00edculos colidiram pouco antes da 1h00 da manh\u00e3 na 5\u00aa Avenida com 129th Street. Policiais estavam perseguindo o suspeito, ap\u00f3s responderem a um chamado de emerg\u00eancia da 32\u00aa Delegacia. Os policiais feridos foram encaminhados para o Harlem Hospital onde receberam tratamento. O motorista continua sob avalia\u00e7\u00e3o m\u00e9dica e responder\u00e1 pelas acusa\u00e7\u00f5es. O andaime \u00e9 parte de uma constru\u00e7\u00e3o entre a 5\u00aa Avenida e Lenox Avenue.<\/p>\n<p>\u2022\u2022\u2022 Policiais no Brooklyn est\u00e3o procurando um membro da perigosa gang ATC\/180HII, por amea\u00e7a terrorista e amea\u00e7a a policiais. Segundo autoridades, Devon Coley, 18 anos, \u00e9 um homem perigoso que j\u00e1 foi preso in\u00fameras vezes devido a sua atua\u00e7\u00e3o criminosa com a gang. Ele \u00e9 acusado de amea\u00e7ar policiais com uma publica\u00e7\u00e3o no Facebook onde aparece o desenho de uma arma sendo apontada para um policial e furos de balas em uma viatura. A publica\u00e7\u00e3o tornou-se ainda mais amea\u00e7adora, pois foi publicada horas depois do assassinato de dois oficiais na cidade no s\u00e1bado passado. A publica\u00e7\u00e3o cont\u00e9m a sigla &#8220;73Next&#8221; fazendo refer\u00eancia a Delegacia de Brownsville.<\/p>\n","protected":false},"excerpt":{"rendered":"<p>\u2022\u2022\u2022 Devido ao assassinato de dois policiais de New York no \u00faltimo fim de semana, agentes de toda a \u00e1rea Tri-Estatal est\u00e3o tomando precau\u00e7\u00f5es extras para combater qualquer a\u00e7\u00e3o semelhante. Policiais em New York foram designados a atenderem qualquer chamado via r\u00e1dio, independente da avalia\u00e7\u00e3o do agente de despache. Em Newark, o Sheriff declarou que todo patrulhamento dever\u00e1 ser realizado por 2 ou mais agentes em cada viatura. Autoridades divulgaram que Ismaaiyl Brinsley \u00e9 o respons\u00e1vel pelo assassinato dos dois oficiais no s\u00e1bado e um dia depois outro policial foi morto na Fl\u00f3rida. Investiga\u00e7\u00f5es est\u00e3o sendo apuradas para determinar se [&hellip;]<\/p>\n","protected":false},"author":1,"featured_media":311,"comment_status":"open","ping_status":"open","sticky":false,"template":"","format":"standard","meta":{"_links_to":"","_links_to_target":""},"categories":[18,1],"tags":[],"views":2323,"_links":{"self":[{"href":"https:\/\/www.brazilianpress.com\/v1\/wp-json\/wp\/v2\/posts\/11402"}],"collection":[{"href":"https:\/\/www.brazilianpress.com\/v1\/wp-json\/wp\/v2\/posts"}],"about":[{"href":"https:\/\/www.brazilianpress.com\/v1\/wp-json\/wp\/v2\/types\/post"}],"author":[{"embeddable":true,"href":"https:\/\/www.brazilianpress.com\/v1\/wp-json\/wp\/v2\/users\/1"}],"replies":[{"embeddable":true,"href":"https:\/\/www.brazilianpress.com\/v1\/wp-json\/wp\/v2\/comments?post=11402"}],"version-history":[{"count":1,"href":"https:\/\/www.brazilianpress.com\/v1\/wp-json\/wp\/v2\/posts\/11402\/revisions"}],"predecessor-version":[{"id":11403,"href":"https:\/\/www.brazilianpress.com\/v1\/wp-json\/wp\/v2\/posts\/11402\/revisions\/11403"}],"wp:featuredmedia":[{"embeddable":true,"href":"https:\/\/www.brazilianpress.com\/v1\/wp-json\/wp\/v2\/media\/311"}],"wp:attachment":[{"href":"https:\/\/www.brazilianpress.com\/v1\/wp-json\/wp\/v2\/media?parent=11402"}],"wp:term":[{"taxonomy":"category","embeddable":true,"href":"https:\/\/www.brazilianpress.com\/v1\/wp-json\/wp\/v2\/categories?post=11402"},{"taxonomy":"post_tag","embeddable":true,"href":"https:\/\/www.brazilianpress.com\/v1\/wp-json\/wp\/v2\/tags?post=11402"}],"curies":[{"name":"wp","href":"https:\/\/api.w.org\/{rel}","templated":true}]}}