{"id":11411,"date":"2014-12-26T12:53:25","date_gmt":"2014-12-26T16:53:25","guid":{"rendered":"http:\/\/www.brazilianpress.com\/v1\/?p=11411"},"modified":"2014-12-26T12:53:25","modified_gmt":"2014-12-26T16:53:25","slug":"especulado-no-cruzeiro-alexandre-faria-e-confirmado-como-diretor-do-bahia","status":"publish","type":"post","link":"https:\/\/www.brazilianpress.com\/v1\/2014\/12\/26\/especulado-no-cruzeiro-alexandre-faria-e-confirmado-como-diretor-do-bahia\/","title":{"rendered":"Especulado no Cruzeiro, Alexandre Faria \u00e9 confirmado como diretor do Bahia"},"content":{"rendered":"<p><img loading=\"lazy\" class=\"alignnone size-full wp-image-11412\" src=\"http:\/\/www.brazilianpress.com\/v1\/wp-content\/uploads\/2014\/12\/alexandre-faria.jpg\" alt=\"_alexandre faria\" width=\"500\" height=\"300\" srcset=\"https:\/\/www.brazilianpress.com\/v1\/wp-content\/uploads\/2014\/12\/alexandre-faria.jpg 500w, https:\/\/www.brazilianpress.com\/v1\/wp-content\/uploads\/2014\/12\/alexandre-faria-300x180.jpg 300w\" sizes=\"(max-width: 500px) 100vw, 500px\" \/><\/p>\n<p>Especulado para substituir o dirigente Alexandre Mattos no Cruzeiro, Alexandre Faria foi confirmado nesta ter\u00e7a-feira como novo diretor de futebol do Bahia. Ele estava trabalhando como superintendente de futebol do Am\u00e9rica-MG, clube que s\u00f3 n\u00e3o subiu na S\u00e9rie B por conta de pontos perdidos na Justi\u00e7a.<\/p>\n<p>Marcelo Sant&#8217;Ana, que assumiu a presid\u00eancia do Bahia recentemente, justificou a escolha do novo profissional. &#8220;Alexandre Faria \u00e9 um\u00a0gestor moderno. Al\u00e9m de cuidar do futebol no Am\u00e9rica-MG, foi respons\u00e1vel por viabilizar o est\u00e1dio Independ\u00eancia, estruturar o CT, gerir o marketing e as finan\u00e7as. Entende o futebol como produto e neg\u00f3cio&#8221;, disse.<!--more--><\/p>\n<p>&#8220;Antes, trabalhou no Atl\u00e9tico-MG e no Fluminense cuidando do futebol, negociando atletas, e possui expertise tamb\u00e9m no mercado de transfer\u00eancias. Seus contatos v\u00e3o beneficiar o Bahia&#8221;, acrescentou o presidente, que na \u00faltima segunda confirmou S\u00e9rgio Soares, ex-Cear\u00e1, como novo comandante tricolor. A escolha, ali\u00e1s, foi totalmente aprovada pelo novo dirigente.<\/p>\n<p>&#8216;J\u00e1 conversei com o S\u00e9rgio de que o Bahia na S\u00e9rie B entra como o time a ser batido. O Bahia \u00e9 um gigante que por acaso est\u00e1 na S\u00e9rie B. Todo mundo vai querer tirar ponto do Bahia. Ent\u00e3o, temos que ser uma equipe de muita posse de bola, que fa\u00e7a a proposi\u00e7\u00e3o do jogo e que tenha grande velocidade. Isso dificulta muitos os esquemas defensivos dos oponentes&#8221;, afirmou Alexandre Faria \u00e0 TV Bah\u00eaa.<\/p>\n<p>&#8220;\u00c9 uma honra muito grande trabalhar num gigante como o Bahia, o maior clube do Norte\/Nordeste, que em v\u00e1rios momentos esteve na ponta do futebol brasileiro, e a nossa meta \u00e9 essa: fazer com que o Bahia volte a ser aquele clube que disputa t\u00edtulos, na primeira divis\u00e3o, e que encanta a todos de norte a sul do pa\u00eds&#8221;, completou o dirigente.<\/p>\n<p>Faria\u00a0iniciou a carreira em 2001, no Am\u00e9rica-MG, como diretor-superintendente. Em 2006, foi para o Atl\u00e9tico-MG, onde trabalhou com a implanta\u00e7\u00e3o do departamento de rela\u00e7\u00f5es internacionais da equipe e, posteriormente, assumiu o futebol profissional, em 2008. De l\u00e1, foi contratado pelo Fluminense, onde ficou at\u00e9 2009.<\/p>\n<p>No ano seguinte, realizou trabalhos de\u00a0consultoria para projetos\u00a0da Copa do Mundo\u00a0ligados ao governo de Minas Gerais. Em 2011, foi para o Gr\u00eamio e depois retornou ao Am\u00e9rica-MG, onde trabalhou at\u00e9 a semana passada\u00a0como superintendente geral.<\/p>\n","protected":false},"excerpt":{"rendered":"<p>Especulado para substituir o dirigente Alexandre Mattos no Cruzeiro, Alexandre Faria foi confirmado nesta ter\u00e7a-feira como novo diretor de futebol do Bahia. Ele estava trabalhando como superintendente de futebol do Am\u00e9rica-MG, clube que s\u00f3 n\u00e3o subiu na S\u00e9rie B por conta de pontos perdidos na Justi\u00e7a. Marcelo Sant&#8217;Ana, que assumiu a presid\u00eancia do Bahia recentemente, justificou a escolha do novo profissional. &#8220;Alexandre Faria \u00e9 um\u00a0gestor moderno. Al\u00e9m de cuidar do futebol no Am\u00e9rica-MG, foi respons\u00e1vel por viabilizar o est\u00e1dio Independ\u00eancia, estruturar o CT, gerir o marketing e as finan\u00e7as. Entende o futebol como produto e neg\u00f3cio&#8221;, disse.<\/p>\n","protected":false},"author":1,"featured_media":11412,"comment_status":"open","ping_status":"open","sticky":false,"template":"","format":"standard","meta":{"_links_to":"","_links_to_target":""},"categories":[9,1],"tags":[],"views":2315,"_links":{"self":[{"href":"https:\/\/www.brazilianpress.com\/v1\/wp-json\/wp\/v2\/posts\/11411"}],"collection":[{"href":"https:\/\/www.brazilianpress.com\/v1\/wp-json\/wp\/v2\/posts"}],"about":[{"href":"https:\/\/www.brazilianpress.com\/v1\/wp-json\/wp\/v2\/types\/post"}],"author":[{"embeddable":true,"href":"https:\/\/www.brazilianpress.com\/v1\/wp-json\/wp\/v2\/users\/1"}],"replies":[{"embeddable":true,"href":"https:\/\/www.brazilianpress.com\/v1\/wp-json\/wp\/v2\/comments?post=11411"}],"version-history":[{"count":1,"href":"https:\/\/www.brazilianpress.com\/v1\/wp-json\/wp\/v2\/posts\/11411\/revisions"}],"predecessor-version":[{"id":11413,"href":"https:\/\/www.brazilianpress.com\/v1\/wp-json\/wp\/v2\/posts\/11411\/revisions\/11413"}],"wp:featuredmedia":[{"embeddable":true,"href":"https:\/\/www.brazilianpress.com\/v1\/wp-json\/wp\/v2\/media\/11412"}],"wp:attachment":[{"href":"https:\/\/www.brazilianpress.com\/v1\/wp-json\/wp\/v2\/media?parent=11411"}],"wp:term":[{"taxonomy":"category","embeddable":true,"href":"https:\/\/www.brazilianpress.com\/v1\/wp-json\/wp\/v2\/categories?post=11411"},{"taxonomy":"post_tag","embeddable":true,"href":"https:\/\/www.brazilianpress.com\/v1\/wp-json\/wp\/v2\/tags?post=11411"}],"curies":[{"name":"wp","href":"https:\/\/api.w.org\/{rel}","templated":true}]}}