{"id":11414,"date":"2014-12-26T12:54:30","date_gmt":"2014-12-26T16:54:30","guid":{"rendered":"http:\/\/www.brazilianpress.com\/v1\/?p=11414"},"modified":"2014-12-26T12:54:30","modified_gmt":"2014-12-26T16:54:30","slug":"ate-medicos-deixam-botafogo-equipe-reclama-de-7-meses-de-atraso-salarial","status":"publish","type":"post","link":"https:\/\/www.brazilianpress.com\/v1\/2014\/12\/26\/ate-medicos-deixam-botafogo-equipe-reclama-de-7-meses-de-atraso-salarial\/","title":{"rendered":"At\u00e9 m\u00e9dicos deixam Botafogo: equipe reclama de 7 meses de atraso salarial"},"content":{"rendered":"<p><img loading=\"lazy\" class=\"alignnone size-full wp-image-11415\" src=\"http:\/\/www.brazilianpress.com\/v1\/wp-content\/uploads\/2014\/12\/medico-botafogo.jpg\" alt=\"_medico botafogo\" width=\"500\" height=\"257\" srcset=\"https:\/\/www.brazilianpress.com\/v1\/wp-content\/uploads\/2014\/12\/medico-botafogo.jpg 500w, https:\/\/www.brazilianpress.com\/v1\/wp-content\/uploads\/2014\/12\/medico-botafogo-300x154.jpg 300w\" sizes=\"(max-width: 500px) 100vw, 500px\" \/><\/p>\n<p>Al\u00e9m de jogadores, o Botafogo ter\u00e1 que fazer um novo planejamento para o departamento m\u00e9dico na temporada 2015. Os sete profissionais que trabalhavam no setor deixam o Alvinegro ap\u00f3s o fim de contrato que se encerra no dia 31 de dezembro. Os m\u00e9dicos \u2013 que tinham v\u00ednculos assinados como pessoa jur\u00eddica (PJ) \u2013 deixam o clube com sete meses de sal\u00e1rios atrasados.<\/p>\n<p>A reclama\u00e7\u00e3o \u00e9 generalizada neste setor, pois os atrasos atrapalharam o trabalho dos profissionais durante todo o \u00faltimo ano de contrato.<!--more--><\/p>\n<p>Os poucos recursos de um Botafogo mergulhado em crise financeira neste ano tamb\u00e9m resultaram em falta de medicamentos e at\u00e9 de gelo \u2013 como relatou o lateral Ed\u00edlson, que acabou dispensando pelo ex-presidente Maur\u00edcio Assump\u00e7\u00e3o em outubro.<\/p>\n<p>&#8220;Foi um ano at\u00edpico. N\u00e3o que tenha sido corriqueiro nestes tr\u00eas anos, mas em 2014 foi diferente. Os contratos PJ n\u00e3o foram pagos e resultaram em uma situa\u00e7\u00e3o calamitosa&#8221;, descreveu o m\u00e9dico Rodrigo Kaz, coordenador do setor no Botafogo.<\/p>\n<p>Al\u00e9m de sal\u00e1rios, os profissionais deixam o clube com pend\u00eancias de premia\u00e7\u00f5es e aditivos no contrato baseados nos resultados obtidos.<\/p>\n<p>A nova diretoria do Botafogo n\u00e3o demonstrou interesse em renovar os contratos dos profissionais. O presidente Carlos Eduardo Pereira ter\u00e1 que trabalhar para montar um novo departamento m\u00e9dico antes da reapresenta\u00e7\u00e3o da equipe, marcada para o dia 8 de janeiro. A partir desta data, est\u00e3o definidos exames m\u00e9dicos no elenco que defender\u00e1 o clube em 2015.<\/p>\n","protected":false},"excerpt":{"rendered":"<p>Al\u00e9m de jogadores, o Botafogo ter\u00e1 que fazer um novo planejamento para o departamento m\u00e9dico na temporada 2015. Os sete profissionais que trabalhavam no setor deixam o Alvinegro ap\u00f3s o fim de contrato que se encerra no dia 31 de dezembro. Os m\u00e9dicos \u2013 que tinham v\u00ednculos assinados como pessoa jur\u00eddica (PJ) \u2013 deixam o clube com sete meses de sal\u00e1rios atrasados. A reclama\u00e7\u00e3o \u00e9 generalizada neste setor, pois os atrasos atrapalharam o trabalho dos profissionais durante todo o \u00faltimo ano de contrato.<\/p>\n","protected":false},"author":1,"featured_media":11415,"comment_status":"open","ping_status":"open","sticky":false,"template":"","format":"standard","meta":{"_links_to":"","_links_to_target":""},"categories":[9,1],"tags":[],"views":2582,"_links":{"self":[{"href":"https:\/\/www.brazilianpress.com\/v1\/wp-json\/wp\/v2\/posts\/11414"}],"collection":[{"href":"https:\/\/www.brazilianpress.com\/v1\/wp-json\/wp\/v2\/posts"}],"about":[{"href":"https:\/\/www.brazilianpress.com\/v1\/wp-json\/wp\/v2\/types\/post"}],"author":[{"embeddable":true,"href":"https:\/\/www.brazilianpress.com\/v1\/wp-json\/wp\/v2\/users\/1"}],"replies":[{"embeddable":true,"href":"https:\/\/www.brazilianpress.com\/v1\/wp-json\/wp\/v2\/comments?post=11414"}],"version-history":[{"count":1,"href":"https:\/\/www.brazilianpress.com\/v1\/wp-json\/wp\/v2\/posts\/11414\/revisions"}],"predecessor-version":[{"id":11416,"href":"https:\/\/www.brazilianpress.com\/v1\/wp-json\/wp\/v2\/posts\/11414\/revisions\/11416"}],"wp:featuredmedia":[{"embeddable":true,"href":"https:\/\/www.brazilianpress.com\/v1\/wp-json\/wp\/v2\/media\/11415"}],"wp:attachment":[{"href":"https:\/\/www.brazilianpress.com\/v1\/wp-json\/wp\/v2\/media?parent=11414"}],"wp:term":[{"taxonomy":"category","embeddable":true,"href":"https:\/\/www.brazilianpress.com\/v1\/wp-json\/wp\/v2\/categories?post=11414"},{"taxonomy":"post_tag","embeddable":true,"href":"https:\/\/www.brazilianpress.com\/v1\/wp-json\/wp\/v2\/tags?post=11414"}],"curies":[{"name":"wp","href":"https:\/\/api.w.org\/{rel}","templated":true}]}}