{"id":11417,"date":"2014-12-26T12:56:13","date_gmt":"2014-12-26T16:56:13","guid":{"rendered":"http:\/\/www.brazilianpress.com\/v1\/?p=11417"},"modified":"2014-12-26T13:37:03","modified_gmt":"2014-12-26T17:37:03","slug":"por-questao-de-sorte-pratto-precisa-recorrer-a-numero-incomum-no-atletico-mg","status":"publish","type":"post","link":"https:\/\/www.brazilianpress.com\/v1\/2014\/12\/26\/por-questao-de-sorte-pratto-precisa-recorrer-a-numero-incomum-no-atletico-mg\/","title":{"rendered":"Por quest\u00e3o de sorte, Pratto precisa recorrer a n\u00famero incomum no Atl\u00e9tico-MG"},"content":{"rendered":"<p><img loading=\"lazy\" class=\"alignnone size-full wp-image-11418\" src=\"http:\/\/www.brazilianpress.com\/v1\/wp-content\/uploads\/2014\/12\/lucas-pratto-atletico-mg.jpg\" alt=\"_lucas pratto atletico mg\" width=\"500\" height=\"300\" srcset=\"https:\/\/www.brazilianpress.com\/v1\/wp-content\/uploads\/2014\/12\/lucas-pratto-atletico-mg.jpg 500w, https:\/\/www.brazilianpress.com\/v1\/wp-content\/uploads\/2014\/12\/lucas-pratto-atletico-mg-300x180.jpg 300w\" sizes=\"(max-width: 500px) 100vw, 500px\" \/><\/p>\n<p>Novo refor\u00e7o do Atl\u00e9tico-MG, o atacante Lucas Pratto tem por tradi\u00e7\u00e3o a utiliza\u00e7\u00e3o de camisas que tenham o n\u00famero dois. Este foi utilizado em sua passagem pela Universidade Cat\u00f3lica, do Chile. J\u00e1 no V\u00e9lez Sarsfield, o escolhido foi o 12, que no Brasil, tradicionalmente, \u00e9 destinado ao goleiro reserva. Por\u00e9m, no Atl\u00e9tico-MG, o argentino n\u00e3o ter\u00e1 esta op\u00e7\u00e3o \u00e0 sua disposi\u00e7\u00e3o durante toda a temporada.<\/p>\n<p>Isso porque o n\u00famero 12 foi aposentado pela diretoria atleticana em 2006, como forma de homenagear o seu torcedor, considerado o d\u00e9cimo segundo jogador do time. Desde ent\u00e3o, o clube atleticano s\u00f3 utiliza a numera\u00e7\u00e3o em competi\u00e7\u00f5es em que s\u00e3o obrigat\u00f3rios n\u00fameros consecutivos a partir do um, como ocorre nas competi\u00e7\u00f5es sul-americanas.<!--more--><\/p>\n<p>Dessa forma, Lucas Pratto ter\u00e1 de deixar de lado o n\u00famero utilizado durante os tr\u00eas anos em que defendeu o Velez, justamente o 12, e escolher\u00e1 outra numera\u00e7\u00e3o para colocar as costas da sua camisa alvinegra.<\/p>\n<p>O n\u00famero 12 poder\u00e1 aparecer como op\u00e7\u00e3o para o centroavante na disputa da Libertadores, j\u00e1 que na competi\u00e7\u00e3o \u00e9 obrigat\u00f3rio a inscri\u00e7\u00e3o de um atleta com este n\u00famero. Normalmente, o goleiro reserva utiliza esta vaga, que em 2015, poder\u00e1 passar para Pratto.<\/p>\n<p>Na Universidade Cat\u00f3lica, o atacante utilizava a camisa 2, numera\u00e7\u00e3o incomum para atacantes no futebol brasileiro, pois s\u00e3o usadas normalmente pelos laterais direitos. E no alvinegro mineiro,\u00a0 j\u00e1 tem um dono. Marcos Rocha o usou nas \u00faltimas tr\u00eas temporadas.<\/p>\n<p>O n\u00famero dois \u00e9 visto como um amuleto utilizado por Pratto em sua carreira. No Atl\u00e9tico, que utiliza numera\u00e7\u00e3o fixa no Brasileir\u00e3o, o jogador ter\u00e1 de procurar uma camisa diferente para conseguir manter a tradi\u00e7\u00e3o de usar o dois a suas costas. Algo tipo camisas 20 ou 22.<\/p>\n<p>O atleta deixa a defini\u00e7\u00e3o da numera\u00e7\u00e3o para o in\u00edcio do ano, mas n\u00e3o v\u00ea problema em abrir m\u00e3o do 12. &#8220;N\u00e3o tenho problema com n\u00famero, quando come\u00e7ar a competi\u00e7\u00e3o, vou decidir o n\u00famero que vou usar&#8221;, observou Lucas Pratto.<\/p>\n<p>A diretoria atleticana mostra anima\u00e7\u00e3o em rela\u00e7\u00e3o ao n\u00famero que Pratto ir\u00e1 escolher para 2015. Assim como aconteceu com Ronaldinho Ga\u00facho, que usou o pouco tradicional 49 no seu primeiro ano no clube, j\u00e1 que o 10 estava ocupado por Guilherme. O clube v\u00ea a possibilidade de conseguir vincular a camisa com o n\u00famero alternativo \u00e0s suas costas e conseguir um retorno de vendas.<\/p>\n","protected":false},"excerpt":{"rendered":"<p>Novo refor\u00e7o do Atl\u00e9tico-MG, o atacante Lucas Pratto tem por tradi\u00e7\u00e3o a utiliza\u00e7\u00e3o de camisas que tenham o n\u00famero dois. Este foi utilizado em sua passagem pela Universidade Cat\u00f3lica, do Chile. J\u00e1 no V\u00e9lez Sarsfield, o escolhido foi o 12, que no Brasil, tradicionalmente, \u00e9 destinado ao goleiro reserva. Por\u00e9m, no Atl\u00e9tico-MG, o argentino n\u00e3o ter\u00e1 esta op\u00e7\u00e3o \u00e0 sua disposi\u00e7\u00e3o durante toda a temporada. Isso porque o n\u00famero 12 foi aposentado pela diretoria atleticana em 2006, como forma de homenagear o seu torcedor, considerado o d\u00e9cimo segundo jogador do time. Desde ent\u00e3o, o clube atleticano s\u00f3 utiliza a numera\u00e7\u00e3o [&hellip;]<\/p>\n","protected":false},"author":1,"featured_media":11418,"comment_status":"open","ping_status":"open","sticky":false,"template":"","format":"standard","meta":{"_links_to":"","_links_to_target":""},"categories":[9,1],"tags":[],"views":2554,"_links":{"self":[{"href":"https:\/\/www.brazilianpress.com\/v1\/wp-json\/wp\/v2\/posts\/11417"}],"collection":[{"href":"https:\/\/www.brazilianpress.com\/v1\/wp-json\/wp\/v2\/posts"}],"about":[{"href":"https:\/\/www.brazilianpress.com\/v1\/wp-json\/wp\/v2\/types\/post"}],"author":[{"embeddable":true,"href":"https:\/\/www.brazilianpress.com\/v1\/wp-json\/wp\/v2\/users\/1"}],"replies":[{"embeddable":true,"href":"https:\/\/www.brazilianpress.com\/v1\/wp-json\/wp\/v2\/comments?post=11417"}],"version-history":[{"count":1,"href":"https:\/\/www.brazilianpress.com\/v1\/wp-json\/wp\/v2\/posts\/11417\/revisions"}],"predecessor-version":[{"id":11419,"href":"https:\/\/www.brazilianpress.com\/v1\/wp-json\/wp\/v2\/posts\/11417\/revisions\/11419"}],"wp:featuredmedia":[{"embeddable":true,"href":"https:\/\/www.brazilianpress.com\/v1\/wp-json\/wp\/v2\/media\/11418"}],"wp:attachment":[{"href":"https:\/\/www.brazilianpress.com\/v1\/wp-json\/wp\/v2\/media?parent=11417"}],"wp:term":[{"taxonomy":"category","embeddable":true,"href":"https:\/\/www.brazilianpress.com\/v1\/wp-json\/wp\/v2\/categories?post=11417"},{"taxonomy":"post_tag","embeddable":true,"href":"https:\/\/www.brazilianpress.com\/v1\/wp-json\/wp\/v2\/tags?post=11417"}],"curies":[{"name":"wp","href":"https:\/\/api.w.org\/{rel}","templated":true}]}}