{"id":11423,"date":"2014-12-26T13:01:03","date_gmt":"2014-12-26T17:01:03","guid":{"rendered":"http:\/\/www.brazilianpress.com\/v1\/?p=11423"},"modified":"2014-12-26T13:01:03","modified_gmt":"2014-12-26T17:01:03","slug":"papa-diz-que-a-curia-sofre-de-alzheimer-espiritual","status":"publish","type":"post","link":"https:\/\/www.brazilianpress.com\/v1\/2014\/12\/26\/papa-diz-que-a-curia-sofre-de-alzheimer-espiritual\/","title":{"rendered":"Papa diz que a C\u00faria sofre de &#8216;Alzheimer espiritual&#8217;"},"content":{"rendered":"<p><img loading=\"lazy\" class=\"alignnone size-full wp-image-11424\" src=\"http:\/\/www.brazilianpress.com\/v1\/wp-content\/uploads\/2014\/12\/papa.jpg\" alt=\"_papa\" width=\"500\" height=\"375\" srcset=\"https:\/\/www.brazilianpress.com\/v1\/wp-content\/uploads\/2014\/12\/papa.jpg 500w, https:\/\/www.brazilianpress.com\/v1\/wp-content\/uploads\/2014\/12\/papa-300x225.jpg 300w\" sizes=\"(max-width: 500px) 100vw, 500px\" \/><\/p>\n<p>O papa Francisco surpreendeu a todos na segunda-feira com uma mensagem de Natal na qual pediu aos cardeais que fa\u00e7am um exame de consci\u00eancia ante o que chamou de &#8220;Alzheimer espiritual&#8221;, entre outras doen\u00e7as que relacionou e disse que afetam a C\u00faria.<\/p>\n<p>Em seu discurso anual de uma severidade sem precedentes, o Papa falou aos membros do governo da Igreja contra as rivalidades, as cal\u00fanias e as intrigas dentro da C\u00faria.<!--more--><\/p>\n<p>O Papa afirmou que, &#8220;como qualquer corpo humano&#8221;, a C\u00faria sofre de &#8220;infidelidades ao Evangelho&#8221; e de &#8220;doen\u00e7as que precisa aprender a curar&#8221;.<\/p>\n<p>O Papa citou 15 doen\u00e7as, usando express\u00f5es fortes como, al\u00e9m de &#8220;Alzheimer espiritual&#8221;, &#8220;terrorismo do falat\u00f3rio&#8221;, &#8220;esquizofrenia existencial&#8221;, &#8220;exibicionismo mundano&#8221;, &#8220;narcisismo falso&#8221; e &#8220;rivalidades pela gl\u00f3ria&#8221;.<\/p>\n<p>Atrav\u00e9s de express\u00f5es fortes, que geraram um desconcerto entre os cardeais e altos funcion\u00e1rios da Santa S\u00e9, o Papa analisou o que chamou de patologia do maquin\u00e1rio central da Igreja cat\u00f3lica, e pediu reflex\u00e3o, penit\u00eancia e confiss\u00e3o por ocasi\u00e3o do per\u00edodo natalino.<\/p>\n<p>A primeira doen\u00e7a a que se referiu foi a de &#8220;sentir-se imortal e insubstitu\u00edvel&#8221;, sem defeitos, privado de autocr\u00edtica, que n\u00e3o se atualiza nem tenta melhorar.<\/p>\n<p>&#8220;\u00c9 preciso visitar os cemit\u00e9rios para ver os nomes de tantas pessoas que se consideravam imunes e indispens\u00e1veis&#8221;, alfinetou.<\/p>\n<p>A segunda doen\u00e7a citada foi o &#8220;excesso de atividade&#8221;, de trabalho, e convidou a C\u00faria a respeitar as f\u00e9rias e a dedicar momentos de descanso com a fam\u00edlia, algo que ele pessoalmente n\u00e3o segue.<\/p>\n<p>A terceira doen\u00e7a que atinge os membros da Igreja \u00e9 &#8220;a petrifica\u00e7\u00e3o mental e espiritual&#8221;, seguida do &#8220;excesso de planejamento e funcionalismo&#8221;, &#8220;mal coordena\u00e7\u00e3o&#8221; e o que chamou de &#8220;Alzheimer espiritual&#8221;, ou seja, o esquecimento do fervor da f\u00e9 inicial.<\/p>\n<p>Outra grave patologia \u00e9 a da &#8220;rivalidade e vangl\u00f3ria&#8221;, o viver no mundo das apar\u00eancias.<\/p>\n<p>O tom foi ainda mais severo quando mencionou a doen\u00e7a das &#8220;fofocas e das intrigas&#8221;, e pediu que todos se protejam desse tipo de terrorismo pelos danos que provoca.<\/p>\n<p>Entre as doen\u00e7as, incluiu a de &#8220;divinizar os chefes&#8221;, o de ser &#8220;v\u00edtima do carreirismo e do oportunismo&#8221;, de pensar &#8220;apenas no que pode obter e n\u00e3o no que pode oferecer&#8221;.<\/p>\n<p>Outra patologia \u00e9 &#8220;a doen\u00e7a da indiferen\u00e7a para com os demais&#8221; e a da &#8220;cara f\u00fanebre&#8221;, j\u00e1 que acha que o religioso &#8220;deve ser uma pessoa am\u00e1vel, serena e entusiasmada&#8221;. &#8220;Deve transmitir alegria&#8221;, enfatizou.<\/p>\n<p>&#8220;Como faz bem uma boa dose de humor!&#8221;, acrescentou ainda.<\/p>\n<p>Francisco, que rejeita toda e qualquer ostenta\u00e7\u00e3o papal, inclui entre os males da Igreja atual os de &#8220;acumular bens materiais&#8221;, de pertencer &#8220;a c\u00edrculos fechados&#8221;, assim como &#8220;ao mundano e o exibicionismo&#8221;.<\/p>\n<p>Respeitando o estilo singular de seu discurso, o Papa recordou que &#8220;os sacerdotes s\u00e3o como os avi\u00f5es, s\u00e3o not\u00edcia apenas quando caem&#8221;.<\/p>\n<p>Depois deste discurso, recebido como uma ducha fria, Francisco saudou um a um todos os cardeais, em um ambiente tenso, apesar das amabilidades de fachada.<\/p>\n<p>&#8220;Ele n\u00e3o teve piedade ao dar o nome das doen\u00e7as que percebe nos ambientes pr\u00f3ximos a ele&#8221;, comentou o vaticanista Gianni Valente.<\/p>\n<p>&#8220;Rompeu com o estere\u00f3tipo do &#8216;papa latino-americano&#8217; que n\u00e3o conhece a complexidade da C\u00faria e a cultura europeia, cr\u00edticas que prov\u00eam de seus detratores para neutraliz\u00e1-lo&#8221;, afirma Valente no Vatican Insider.<\/p>\n<p>Francisco conduz desde sua elei\u00e7\u00e3o, em mar\u00e7o de 2013, uma profunda reforma da C\u00faria, e topa com in\u00fameras oposi\u00e7\u00f5es internas, causando muitas preocupa\u00e7\u00f5es em certos meios.<\/p>\n","protected":false},"excerpt":{"rendered":"<p>O papa Francisco surpreendeu a todos na segunda-feira com uma mensagem de Natal na qual pediu aos cardeais que fa\u00e7am um exame de consci\u00eancia ante o que chamou de &#8220;Alzheimer espiritual&#8221;, entre outras doen\u00e7as que relacionou e disse que afetam a C\u00faria. Em seu discurso anual de uma severidade sem precedentes, o Papa falou aos membros do governo da Igreja contra as rivalidades, as cal\u00fanias e as intrigas dentro da C\u00faria.<\/p>\n","protected":false},"author":1,"featured_media":11424,"comment_status":"open","ping_status":"open","sticky":false,"template":"","format":"standard","meta":{"_links_to":"","_links_to_target":""},"categories":[8,1],"tags":[],"views":1983,"_links":{"self":[{"href":"https:\/\/www.brazilianpress.com\/v1\/wp-json\/wp\/v2\/posts\/11423"}],"collection":[{"href":"https:\/\/www.brazilianpress.com\/v1\/wp-json\/wp\/v2\/posts"}],"about":[{"href":"https:\/\/www.brazilianpress.com\/v1\/wp-json\/wp\/v2\/types\/post"}],"author":[{"embeddable":true,"href":"https:\/\/www.brazilianpress.com\/v1\/wp-json\/wp\/v2\/users\/1"}],"replies":[{"embeddable":true,"href":"https:\/\/www.brazilianpress.com\/v1\/wp-json\/wp\/v2\/comments?post=11423"}],"version-history":[{"count":1,"href":"https:\/\/www.brazilianpress.com\/v1\/wp-json\/wp\/v2\/posts\/11423\/revisions"}],"predecessor-version":[{"id":11425,"href":"https:\/\/www.brazilianpress.com\/v1\/wp-json\/wp\/v2\/posts\/11423\/revisions\/11425"}],"wp:featuredmedia":[{"embeddable":true,"href":"https:\/\/www.brazilianpress.com\/v1\/wp-json\/wp\/v2\/media\/11424"}],"wp:attachment":[{"href":"https:\/\/www.brazilianpress.com\/v1\/wp-json\/wp\/v2\/media?parent=11423"}],"wp:term":[{"taxonomy":"category","embeddable":true,"href":"https:\/\/www.brazilianpress.com\/v1\/wp-json\/wp\/v2\/categories?post=11423"},{"taxonomy":"post_tag","embeddable":true,"href":"https:\/\/www.brazilianpress.com\/v1\/wp-json\/wp\/v2\/tags?post=11423"}],"curies":[{"name":"wp","href":"https:\/\/api.w.org\/{rel}","templated":true}]}}