{"id":11426,"date":"2014-12-26T13:02:16","date_gmt":"2014-12-26T17:02:16","guid":{"rendered":"http:\/\/www.brazilianpress.com\/v1\/?p=11426"},"modified":"2014-12-26T13:55:06","modified_gmt":"2014-12-26T17:55:06","slug":"detido-na-bulgaria-brasileiro-que-pretendia-ingressar-no-estado-islamico","status":"publish","type":"post","link":"https:\/\/www.brazilianpress.com\/v1\/2014\/12\/26\/detido-na-bulgaria-brasileiro-que-pretendia-ingressar-no-estado-islamico\/","title":{"rendered":"Detido na Bulg\u00e1ria brasileiro que pretendia ingressar no Estado Isl\u00e2mico"},"content":{"rendered":"<p><img loading=\"lazy\" class=\"alignnone size-full wp-image-11427\" src=\"http:\/\/www.brazilianpress.com\/v1\/wp-content\/uploads\/2014\/12\/detido-bulgaria.jpg\" alt=\"_detido bulgaria\" width=\"500\" height=\"281\" srcset=\"https:\/\/www.brazilianpress.com\/v1\/wp-content\/uploads\/2014\/12\/detido-bulgaria.jpg 500w, https:\/\/www.brazilianpress.com\/v1\/wp-content\/uploads\/2014\/12\/detido-bulgaria-300x168.jpg 300w\" sizes=\"(max-width: 500px) 100vw, 500px\" \/><\/p>\n<p>Um jovem brasileiro de 18 anos foi detido na Bulg\u00e1ria, quando se dirigia \u00e0 S\u00edria para entrar no grupo jihadista Estado Isl\u00e2mico (EI), e no \u00faltimo domingo o Itamaraty informou que acompanha o caso.<\/p>\n<p>O jovem reside na Catalunha, Espanha, e foi detido na segunda-feira depois de uma investiga\u00e7\u00e3o conjunta entre a Interpol e a Pol\u00edcia Nacional espanhola, al\u00e9m dos &#8216;Mozos de Escuadra&#8217;, a pol\u00edcia aut\u00f4noma catal\u00e3, noticiou a imprensa brasileira.<!--more--><\/p>\n<p>Ele foi preso juntamente com dois marroquinos, tamb\u00e9m residentes da Catalunha, no posto fronteiri\u00e7o Kapitaan Andreevo. Os tr\u00eas planejavam ir at\u00e9 a Turquia e depois viajar para a S\u00edria.<\/p>\n<p>A pol\u00edcia disse que o grupo era seguido desde junho e comprovou que as tr\u00eas pessoas iniciaram um processo de radicaliza\u00e7\u00e3o religiosa, divulgando mensagens a favor da Jihad e evidenciando sua inten\u00e7\u00e3o de engrossar as fileiras do EI.<\/p>\n<p>&#8220;A chancelaria brasileira acompanha o caso e a delega\u00e7\u00e3o diplom\u00e1tica em S\u00f3fia fez contato com o cidad\u00e3o&#8221;, disse um porta-voz da chancelaria.<\/p>\n<p>Segundo a imprensa no Brasil, a Espanha pedir\u00e1 a extradi\u00e7\u00e3o do jovem da Bulg\u00e1ria para process\u00e1-lo por delitos de terrorismo.<\/p>\n<p>Entre 80 e 100 espanh\u00f3is se juntaram \u00e0s &#8220;mil\u00edcias jihadistas&#8221; no Iraque ou na S\u00edria, segundo fontes judiciais da Espanha. Outras centenas procedem de outros pa\u00edses europeus, como a Fran\u00e7a.<\/p>\n<p>V\u00e1rias redes de capta\u00e7\u00e3o foram desmanteladas na Espanha e Marrocos, a maioria nos enclaves de Ceuta e Melilla, em Barcelona e arredores, e em Madri.<\/p>\n","protected":false},"excerpt":{"rendered":"<p>Um jovem brasileiro de 18 anos foi detido na Bulg\u00e1ria, quando se dirigia \u00e0 S\u00edria para entrar no grupo jihadista Estado Isl\u00e2mico (EI), e no \u00faltimo domingo o Itamaraty informou que acompanha o caso. O jovem reside na Catalunha, Espanha, e foi detido na segunda-feira depois de uma investiga\u00e7\u00e3o conjunta entre a Interpol e a Pol\u00edcia Nacional espanhola, al\u00e9m dos &#8216;Mozos de Escuadra&#8217;, a pol\u00edcia aut\u00f4noma catal\u00e3, noticiou a imprensa brasileira.<\/p>\n","protected":false},"author":1,"featured_media":11427,"comment_status":"open","ping_status":"open","sticky":false,"template":"","format":"standard","meta":{"_links_to":"","_links_to_target":""},"categories":[8,1],"tags":[],"views":2052,"_links":{"self":[{"href":"https:\/\/www.brazilianpress.com\/v1\/wp-json\/wp\/v2\/posts\/11426"}],"collection":[{"href":"https:\/\/www.brazilianpress.com\/v1\/wp-json\/wp\/v2\/posts"}],"about":[{"href":"https:\/\/www.brazilianpress.com\/v1\/wp-json\/wp\/v2\/types\/post"}],"author":[{"embeddable":true,"href":"https:\/\/www.brazilianpress.com\/v1\/wp-json\/wp\/v2\/users\/1"}],"replies":[{"embeddable":true,"href":"https:\/\/www.brazilianpress.com\/v1\/wp-json\/wp\/v2\/comments?post=11426"}],"version-history":[{"count":1,"href":"https:\/\/www.brazilianpress.com\/v1\/wp-json\/wp\/v2\/posts\/11426\/revisions"}],"predecessor-version":[{"id":11428,"href":"https:\/\/www.brazilianpress.com\/v1\/wp-json\/wp\/v2\/posts\/11426\/revisions\/11428"}],"wp:featuredmedia":[{"embeddable":true,"href":"https:\/\/www.brazilianpress.com\/v1\/wp-json\/wp\/v2\/media\/11427"}],"wp:attachment":[{"href":"https:\/\/www.brazilianpress.com\/v1\/wp-json\/wp\/v2\/media?parent=11426"}],"wp:term":[{"taxonomy":"category","embeddable":true,"href":"https:\/\/www.brazilianpress.com\/v1\/wp-json\/wp\/v2\/categories?post=11426"},{"taxonomy":"post_tag","embeddable":true,"href":"https:\/\/www.brazilianpress.com\/v1\/wp-json\/wp\/v2\/tags?post=11426"}],"curies":[{"name":"wp","href":"https:\/\/api.w.org\/{rel}","templated":true}]}}