{"id":11429,"date":"2014-12-26T13:22:21","date_gmt":"2014-12-26T17:22:21","guid":{"rendered":"http:\/\/www.brazilianpress.com\/v1\/?p=11429"},"modified":"2014-12-26T13:22:21","modified_gmt":"2014-12-26T17:22:21","slug":"sancionada-sem-vetos-o-texto-que-regulamenta-a-guarda-compartilhada-no-brasil","status":"publish","type":"post","link":"https:\/\/www.brazilianpress.com\/v1\/2014\/12\/26\/sancionada-sem-vetos-o-texto-que-regulamenta-a-guarda-compartilhada-no-brasil\/","title":{"rendered":"Sancionada sem vetos o texto que regulamenta a guarda compartilhada no Brasil"},"content":{"rendered":"<p><img loading=\"lazy\" class=\"alignnone size-full wp-image-11430\" src=\"http:\/\/www.brazilianpress.com\/v1\/wp-content\/uploads\/2014\/12\/guarda-compartilhada.jpg\" alt=\"_guarda compartilhada\" width=\"500\" height=\"329\" srcset=\"https:\/\/www.brazilianpress.com\/v1\/wp-content\/uploads\/2014\/12\/guarda-compartilhada.jpg 500w, https:\/\/www.brazilianpress.com\/v1\/wp-content\/uploads\/2014\/12\/guarda-compartilhada-300x197.jpg 300w\" sizes=\"(max-width: 500px) 100vw, 500px\" \/><\/p>\n<p>A presidente Dilma Rousseff sancionou, sem vetos, a lei que regulamenta a guarda compartilhada no pa\u00eds. A san\u00e7\u00e3o foi publicada na edi\u00e7\u00e3o de ter\u00e7a-feira 23 do &#8220;Di\u00e1rio Oficial da Uni\u00e3o&#8221;. A lei entra em vigor imediatamente.<\/p>\n<p>A proposta estabelece que a Justi\u00e7a dever\u00e1 conceder guarda compartilhada aos pais mesmo quando n\u00e3o houver acordo entre eles quanto \u00e0 guarda do filho. Pela lei que vigorava at\u00e9 ent\u00e3o,\u00a0 a guarda compartilhada era aplicada &#8220;sempre que poss\u00edvel&#8221;.<!--more--><\/p>\n<p>O texto prev\u00ea que o tempo de conviv\u00eancia com os filhos deve ser dividido de forma &#8220;equilibrada&#8221; entre m\u00e3e e pai. Eles ser\u00e3o respons\u00e1veis por decidir em conjunto, por exemplo, forma de cria\u00e7\u00e3o e educa\u00e7\u00e3o da crian\u00e7a; autoriza\u00e7\u00e3o de viagens ao exterior e mudan\u00e7a de resid\u00eancia para outra cidade. O juiz dever\u00e1 ainda estabelecer que a local de moradia dos filhos que deve ser a cidade que melhor atender aos interesses da crian\u00e7a.<\/p>\n<p>Pelo projeto, a guarda unilateral ser\u00e1 concedida apenas quando um dos pais abrir m\u00e3o do direito ou caso o juiz verifique que o filho n\u00e3o deva permanecer sob a tutela de um dos respons\u00e1veis. Neste caso, quem abrir m\u00e3o da guarda fica obrigado a supervisionar os interesses da crian\u00e7a.<\/p>\n","protected":false},"excerpt":{"rendered":"<p>A presidente Dilma Rousseff sancionou, sem vetos, a lei que regulamenta a guarda compartilhada no pa\u00eds. A san\u00e7\u00e3o foi publicada na edi\u00e7\u00e3o de ter\u00e7a-feira 23 do &#8220;Di\u00e1rio Oficial da Uni\u00e3o&#8221;. A lei entra em vigor imediatamente. A proposta estabelece que a Justi\u00e7a dever\u00e1 conceder guarda compartilhada aos pais mesmo quando n\u00e3o houver acordo entre eles quanto \u00e0 guarda do filho. Pela lei que vigorava at\u00e9 ent\u00e3o,\u00a0 a guarda compartilhada era aplicada &#8220;sempre que poss\u00edvel&#8221;.<\/p>\n","protected":false},"author":1,"featured_media":11430,"comment_status":"open","ping_status":"open","sticky":false,"template":"","format":"standard","meta":{"_links_to":"","_links_to_target":""},"categories":[7,1],"tags":[],"views":1934,"_links":{"self":[{"href":"https:\/\/www.brazilianpress.com\/v1\/wp-json\/wp\/v2\/posts\/11429"}],"collection":[{"href":"https:\/\/www.brazilianpress.com\/v1\/wp-json\/wp\/v2\/posts"}],"about":[{"href":"https:\/\/www.brazilianpress.com\/v1\/wp-json\/wp\/v2\/types\/post"}],"author":[{"embeddable":true,"href":"https:\/\/www.brazilianpress.com\/v1\/wp-json\/wp\/v2\/users\/1"}],"replies":[{"embeddable":true,"href":"https:\/\/www.brazilianpress.com\/v1\/wp-json\/wp\/v2\/comments?post=11429"}],"version-history":[{"count":1,"href":"https:\/\/www.brazilianpress.com\/v1\/wp-json\/wp\/v2\/posts\/11429\/revisions"}],"predecessor-version":[{"id":11431,"href":"https:\/\/www.brazilianpress.com\/v1\/wp-json\/wp\/v2\/posts\/11429\/revisions\/11431"}],"wp:featuredmedia":[{"embeddable":true,"href":"https:\/\/www.brazilianpress.com\/v1\/wp-json\/wp\/v2\/media\/11430"}],"wp:attachment":[{"href":"https:\/\/www.brazilianpress.com\/v1\/wp-json\/wp\/v2\/media?parent=11429"}],"wp:term":[{"taxonomy":"category","embeddable":true,"href":"https:\/\/www.brazilianpress.com\/v1\/wp-json\/wp\/v2\/categories?post=11429"},{"taxonomy":"post_tag","embeddable":true,"href":"https:\/\/www.brazilianpress.com\/v1\/wp-json\/wp\/v2\/tags?post=11429"}],"curies":[{"name":"wp","href":"https:\/\/api.w.org\/{rel}","templated":true}]}}