{"id":11432,"date":"2014-12-26T13:23:51","date_gmt":"2014-12-26T17:23:51","guid":{"rendered":"http:\/\/www.brazilianpress.com\/v1\/?p=11432"},"modified":"2014-12-26T13:23:51","modified_gmt":"2014-12-26T17:23:51","slug":"presidente-dilma-rousseff-renova-confianca-na-presidencia-da-petrobras","status":"publish","type":"post","link":"https:\/\/www.brazilianpress.com\/v1\/2014\/12\/26\/presidente-dilma-rousseff-renova-confianca-na-presidencia-da-petrobras\/","title":{"rendered":"Presidente Dilma Rousseff renova confian\u00e7a na presid\u00eancia da Petrobras"},"content":{"rendered":"<p><img loading=\"lazy\" class=\"alignnone size-full wp-image-11433\" src=\"http:\/\/www.brazilianpress.com\/v1\/wp-content\/uploads\/2014\/12\/graca-foster.jpg\" alt=\"_graca foster\" width=\"500\" height=\"281\" srcset=\"https:\/\/www.brazilianpress.com\/v1\/wp-content\/uploads\/2014\/12\/graca-foster.jpg 500w, https:\/\/www.brazilianpress.com\/v1\/wp-content\/uploads\/2014\/12\/graca-foster-300x168.jpg 300w\" sizes=\"(max-width: 500px) 100vw, 500px\" \/><\/p>\n<p>A presidente Dilma Rousseff renovou na segunda-feira sua confian\u00e7a na presidente da Petrobras, Gra\u00e7a Foster, mas antecipou que far\u00e1 mudan\u00e7as no conselho administrativo da empresa mergulhada em um imenso esc\u00e2ndalo de corrup\u00e7\u00e3o.<\/p>\n<p>&#8220;Gra\u00e7a \u00e9 uma pessoa \u00e9tica. Ela disse que se toda esta situa\u00e7\u00e3o prejudicar o governo ou a Petrobras colocaria seu cargo \u00e0 disposi\u00e7\u00e3o sem problemas. Eu disse a ela que n\u00e3o era necess\u00e1rio&#8221;, declarou Dilma em um caf\u00e9 da manh\u00e3 com jornalistas no Pal\u00e1cio do Planalto.<!--more--><\/p>\n<p>&#8220;Eu quero Gra\u00e7a de presidenta (da Petrobras)&#8221;, completou.<\/p>\n<p>Dilma, que fez uma intensa defesa da presidente da empresa estatal, afirmou que n\u00e3o tem nenhum ind\u00edcio da &#8220;falta de credibilidade&#8221; de Foster e que nada a impede de liderar as mudan\u00e7as e as investiga\u00e7\u00f5es sobre corrup\u00e7\u00e3o que s\u00e3o necess\u00e1rias na Petrobras.<\/p>\n<p>Tamb\u00e9m destacou que lutar\u00e1 de maneira incans\u00e1vel para que a nota de cr\u00e9dito da Petrobras n\u00e3o seja rebaixada e, apesar de ter reconhecido que \u00e9 um momento complexo para o pre\u00e7o do petr\u00f3leo, que registrou queda de quase 50% desde junho, disse que a produ\u00e7\u00e3o da empresa \u00e9 elevada e que a situa\u00e7\u00e3o vai melhorar.<\/p>\n<p>&#8220;Neste momento, o pre\u00e7o do petr\u00f3leo n\u00e3o nos preocupa&#8221;, completou.<\/p>\n<p>A justi\u00e7a brasileira investiga um esquema milion\u00e1rio de subornos na Petrobras em troca de contratos que favoreciam um cartel de empresas.<\/p>\n<p>Trinta e nove pessoas est\u00e3o sendo processadas, incluindo Paulo Roberto Costa, ex-diretor de Abastecimento da empresa e o principal delator da trama de corrup\u00e7\u00e3o.<\/p>\n<p>Costa colabora com as autoridades em troca da &#8220;dela\u00e7\u00e3o premiada&#8221;.<\/p>\n<p>&#8220;Acredito que h\u00e1 um clima muito dif\u00edcil para ela (&#8230;) mas n\u00e3o vou tirar. A quem interessa a demiss\u00e3o de Gra\u00e7a Foster? O que est\u00e1 por tr\u00e1s? Por que vou interromper este processo (de investiga\u00e7\u00e3o que Foster lidera)?&#8221;, questionou.<\/p>\n<p>Dilma Rousseff tamb\u00e9m afirmou que em seu pr\u00f3ximo mandato pretende fazer mudan\u00e7as em algumas empresas estatais, incluindo o conselho de administra\u00e7\u00e3o da Petrobras, mas sem revelar detalhes.<\/p>\n<p>A presidente disse que ainda n\u00e3o \u00e9 poss\u00edvel saber o volume de dinheiro que foi retirado indevidamente dos cofres da Petrobras e que considerou &#8220;absurdos&#8221; os valores de propinas atribu\u00eddos a alguns envolvidos.<\/p>\n","protected":false},"excerpt":{"rendered":"<p>A presidente Dilma Rousseff renovou na segunda-feira sua confian\u00e7a na presidente da Petrobras, Gra\u00e7a Foster, mas antecipou que far\u00e1 mudan\u00e7as no conselho administrativo da empresa mergulhada em um imenso esc\u00e2ndalo de corrup\u00e7\u00e3o. &#8220;Gra\u00e7a \u00e9 uma pessoa \u00e9tica. Ela disse que se toda esta situa\u00e7\u00e3o prejudicar o governo ou a Petrobras colocaria seu cargo \u00e0 disposi\u00e7\u00e3o sem problemas. Eu disse a ela que n\u00e3o era necess\u00e1rio&#8221;, declarou Dilma em um caf\u00e9 da manh\u00e3 com jornalistas no Pal\u00e1cio do Planalto.<\/p>\n","protected":false},"author":1,"featured_media":11433,"comment_status":"open","ping_status":"open","sticky":false,"template":"","format":"standard","meta":{"_links_to":"","_links_to_target":""},"categories":[7,1],"tags":[],"views":1963,"_links":{"self":[{"href":"https:\/\/www.brazilianpress.com\/v1\/wp-json\/wp\/v2\/posts\/11432"}],"collection":[{"href":"https:\/\/www.brazilianpress.com\/v1\/wp-json\/wp\/v2\/posts"}],"about":[{"href":"https:\/\/www.brazilianpress.com\/v1\/wp-json\/wp\/v2\/types\/post"}],"author":[{"embeddable":true,"href":"https:\/\/www.brazilianpress.com\/v1\/wp-json\/wp\/v2\/users\/1"}],"replies":[{"embeddable":true,"href":"https:\/\/www.brazilianpress.com\/v1\/wp-json\/wp\/v2\/comments?post=11432"}],"version-history":[{"count":1,"href":"https:\/\/www.brazilianpress.com\/v1\/wp-json\/wp\/v2\/posts\/11432\/revisions"}],"predecessor-version":[{"id":11434,"href":"https:\/\/www.brazilianpress.com\/v1\/wp-json\/wp\/v2\/posts\/11432\/revisions\/11434"}],"wp:featuredmedia":[{"embeddable":true,"href":"https:\/\/www.brazilianpress.com\/v1\/wp-json\/wp\/v2\/media\/11433"}],"wp:attachment":[{"href":"https:\/\/www.brazilianpress.com\/v1\/wp-json\/wp\/v2\/media?parent=11432"}],"wp:term":[{"taxonomy":"category","embeddable":true,"href":"https:\/\/www.brazilianpress.com\/v1\/wp-json\/wp\/v2\/categories?post=11432"},{"taxonomy":"post_tag","embeddable":true,"href":"https:\/\/www.brazilianpress.com\/v1\/wp-json\/wp\/v2\/tags?post=11432"}],"curies":[{"name":"wp","href":"https:\/\/api.w.org\/{rel}","templated":true}]}}