{"id":11435,"date":"2014-12-26T13:25:23","date_gmt":"2014-12-26T17:25:23","guid":{"rendered":"http:\/\/www.brazilianpress.com\/v1\/?p=11435"},"modified":"2014-12-26T14:17:15","modified_gmt":"2014-12-26T18:17:15","slug":"brasil-nao-vive-crise-de-corrupcao-diz-dilma-a-jornais-estrangeiros","status":"publish","type":"post","link":"https:\/\/www.brazilianpress.com\/v1\/2014\/12\/26\/brasil-nao-vive-crise-de-corrupcao-diz-dilma-a-jornais-estrangeiros\/","title":{"rendered":"&#8216;Brasil n\u00e3o vive crise de corrup\u00e7\u00e3o&#8217;, diz Dilma a jornais estrangeiros"},"content":{"rendered":"<p><img loading=\"lazy\" class=\"alignnone size-full wp-image-11436\" src=\"http:\/\/www.brazilianpress.com\/v1\/wp-content\/uploads\/2014\/12\/dilma1.jpg\" alt=\"_dilma\" width=\"500\" height=\"281\" srcset=\"https:\/\/www.brazilianpress.com\/v1\/wp-content\/uploads\/2014\/12\/dilma1.jpg 500w, https:\/\/www.brazilianpress.com\/v1\/wp-content\/uploads\/2014\/12\/dilma1-300x168.jpg 300w\" sizes=\"(max-width: 500px) 100vw, 500px\" \/><\/p>\n<p>A presidente Dilma Rousseff afirmou em entrevista ao Grupo de Di\u00e1rios Am\u00e9rica (GDA), publicada no domingo (22) pelo jornal &#8220;El Mercurio&#8221;, do Chile, que o Brasil n\u00e3o vive &#8220;crise de corrup\u00e7\u00e3o&#8221;, ao comentar as den\u00fancias de irregularidades na Petrobras investigadas pela Pol\u00edcia Federal na\u00a0Opera\u00e7\u00e3o Lava Jato.<\/p>\n<p>Segundo o jornal, a presidente concedeu a entrevista por ter recebido o pr\u00eamio &#8220;Personagem Latino-americana de 2014&#8221; pelo GDA. Na edi\u00e7\u00e3o de domingo, o jornal diz que a escolha ocorreu antes do an\u00fancio de Estados Unidos e Cuba da retomada das rela\u00e7\u00f5es diplom\u00e1ticas entre os dois pa\u00edses \u2013 a publica\u00e7\u00e3o n\u00e3o explicita, por\u00e9m, se o t\u00edtulo seria dado a outra pessoa.<!--more--><\/p>\n<p>As suspeitas de irregularidades na Petrobras foram apontadas pela PF na Lava Jato, deflagrada em mar\u00e7o deste ano para apurar esquema de lavagem de dinheiro que teria movimentado R$ 10 bilh\u00f5es. As investiga\u00e7\u00f5es resultaram na descoberta de um esquema de desvio de dinheiro e superfaturamento em obras da estatal.<\/p>\n<p>&#8220;O Brasil n\u00e3o vive uma crise de corrup\u00e7\u00e3o, como dizem alguns. Nos \u00faltimos anos, come\u00e7amos a p\u00f4r fim a um largo per\u00edodo de impunidade. Isso \u00e9 um grande avan\u00e7o para a democracia brasileira&#8221;, disse a presidente, ap\u00f3s ser questionada sobre se o esc\u00e2ndalo na Petrobras pode afetar a estabilidade pol\u00edtica necess\u00e1ria para o segundo mandato.<\/p>\n<p>Indagada sobre como \u00e9 poss\u00edvel liderar uma campanha anticorrup\u00e7\u00e3o &#8220;s\u00e9ria&#8221; se o PT \u00e9 o &#8220;protagonista&#8221; do esc\u00e2ndalo da Petrobras, Dilma ressaltou que as suspeitas da Pol\u00edcia Federal s\u00e3o de que o esquema na estatal come\u00e7aram antes do governo do ex-presidente Luiz In\u00e1cio Lula da Silva.<\/p>\n<p>&#8220;Como j\u00e1 disse, \u00e9 a Pol\u00edcia Federal do meu governo que conduz as investiga\u00e7\u00f5es sobre a corrup\u00e7\u00e3o na Petrobras. Foram essas investiga\u00e7\u00f5es que levaram ao desmantelamento de um esquema do qual se suspeita que tem d\u00e9cadas de exist\u00eancia, com anterioridade aos governos do PT&#8221;, afirmou.<\/p>\n<p>Dilma disse estar &#8220;indignada&#8221; com as den\u00fancias que envolvem a estatal e ressaltou que os brasileiros tamb\u00e9m sentem-se desta forma. A presidente afirmou querer que os respons\u00e1veis pelos desvios de recursos na empresa sejam &#8220;castigados&#8221;.<\/p>\n<p>A presidente disse tamb\u00e9m que no Brasil n\u00e3o h\u00e1 &#8220;intoc\u00e1veis&#8221; e, como fez em diversas vezes nos \u00faltimos meses, defendeu as a\u00e7\u00f5es de combate \u00e0 corrup\u00e7\u00e3o adotadas pelo governo e ressaltou ser um compromisso da atual gest\u00e3o o combate \u00e0 impunidade.<\/p>\n<p>&#8220;Quero ressaltar que somos n\u00f3s, do meu governo, que temos liderado o processo contra a impunidade no Brasil, pondo fim a uma era de il\u00edcitos que se ocultavam debaixo do tapete. Eu mesma despedi, tr\u00eas anos antes das investiga\u00e7\u00f5es, o diretor [Paulo Roberto Costa] que confessou diante da Justi\u00e7a a confirma\u00e7\u00e3o do esquema de desvio de dinheiro na Petrobras&#8221;, disse.<\/p>\n<p><strong>EUA e Cuba<\/strong><br \/>\nNa entrevista, Dilma tamb\u00e9m foi questionada sobre o an\u00fancio feito por EUA e Cuba pela\u00a0<strong>retomada das rela\u00e7\u00f5es diplom\u00e1ticas<\/strong>\u00a0entre os dois pa\u00edses depois de 53 anos. A presidente afirmou que a aproxima\u00e7\u00e3o ter\u00e1 impacto &#8220;forte e positivo&#8221; em toda a Am\u00e9rica Latina.<\/p>\n<p>&#8220;\u00c9 uma express\u00e3o de que isso j\u00e1 poder\u00e1 se constatar na C\u00fapula das Am\u00e9ricas, em abril, no Panam\u00e1. O encontro e o aperto de m\u00e3os de [Ra\u00fal] Castro e [Barack] Obama ser\u00e1 o s\u00edmbolo de que algo novo est\u00e1 ocorrendo no nosso continente&#8221;, disse.<\/p>\n","protected":false},"excerpt":{"rendered":"<p>A presidente Dilma Rousseff afirmou em entrevista ao Grupo de Di\u00e1rios Am\u00e9rica (GDA), publicada no domingo (22) pelo jornal &#8220;El Mercurio&#8221;, do Chile, que o Brasil n\u00e3o vive &#8220;crise de corrup\u00e7\u00e3o&#8221;, ao comentar as den\u00fancias de irregularidades na Petrobras investigadas pela Pol\u00edcia Federal na\u00a0Opera\u00e7\u00e3o Lava Jato. Segundo o jornal, a presidente concedeu a entrevista por ter recebido o pr\u00eamio &#8220;Personagem Latino-americana de 2014&#8221; pelo GDA. Na edi\u00e7\u00e3o de domingo, o jornal diz que a escolha ocorreu antes do an\u00fancio de Estados Unidos e Cuba da retomada das rela\u00e7\u00f5es diplom\u00e1ticas entre os dois pa\u00edses \u2013 a publica\u00e7\u00e3o n\u00e3o explicita, por\u00e9m, se [&hellip;]<\/p>\n","protected":false},"author":1,"featured_media":11436,"comment_status":"open","ping_status":"open","sticky":false,"template":"","format":"standard","meta":{"_links_to":"","_links_to_target":""},"categories":[7,1],"tags":[],"views":2335,"_links":{"self":[{"href":"https:\/\/www.brazilianpress.com\/v1\/wp-json\/wp\/v2\/posts\/11435"}],"collection":[{"href":"https:\/\/www.brazilianpress.com\/v1\/wp-json\/wp\/v2\/posts"}],"about":[{"href":"https:\/\/www.brazilianpress.com\/v1\/wp-json\/wp\/v2\/types\/post"}],"author":[{"embeddable":true,"href":"https:\/\/www.brazilianpress.com\/v1\/wp-json\/wp\/v2\/users\/1"}],"replies":[{"embeddable":true,"href":"https:\/\/www.brazilianpress.com\/v1\/wp-json\/wp\/v2\/comments?post=11435"}],"version-history":[{"count":1,"href":"https:\/\/www.brazilianpress.com\/v1\/wp-json\/wp\/v2\/posts\/11435\/revisions"}],"predecessor-version":[{"id":11437,"href":"https:\/\/www.brazilianpress.com\/v1\/wp-json\/wp\/v2\/posts\/11435\/revisions\/11437"}],"wp:featuredmedia":[{"embeddable":true,"href":"https:\/\/www.brazilianpress.com\/v1\/wp-json\/wp\/v2\/media\/11436"}],"wp:attachment":[{"href":"https:\/\/www.brazilianpress.com\/v1\/wp-json\/wp\/v2\/media?parent=11435"}],"wp:term":[{"taxonomy":"category","embeddable":true,"href":"https:\/\/www.brazilianpress.com\/v1\/wp-json\/wp\/v2\/categories?post=11435"},{"taxonomy":"post_tag","embeddable":true,"href":"https:\/\/www.brazilianpress.com\/v1\/wp-json\/wp\/v2\/tags?post=11435"}],"curies":[{"name":"wp","href":"https:\/\/api.w.org\/{rel}","templated":true}]}}