{"id":11444,"date":"2014-12-26T13:36:25","date_gmt":"2014-12-26T17:36:25","guid":{"rendered":"http:\/\/www.brazilianpress.com\/v1\/?p=11444"},"modified":"2015-01-02T09:03:44","modified_gmt":"2015-01-02T13:03:44","slug":"policia-de-ny-aceita-nova-forma-de-identificacao","status":"publish","type":"post","link":"https:\/\/www.brazilianpress.com\/v1\/2014\/12\/26\/policia-de-ny-aceita-nova-forma-de-identificacao\/","title":{"rendered":"Pol\u00edcia de NY aceita nova forma de identifica\u00e7\u00e3o"},"content":{"rendered":"<p><img loading=\"lazy\" class=\"alignnone size-full wp-image-11445\" src=\"http:\/\/www.brazilianpress.com\/v1\/wp-content\/uploads\/2014\/12\/policia-ny-identificacao.jpg\" alt=\"policia ny identificacao\" width=\"500\" height=\"282\" srcset=\"https:\/\/www.brazilianpress.com\/v1\/wp-content\/uploads\/2014\/12\/policia-ny-identificacao.jpg 500w, https:\/\/www.brazilianpress.com\/v1\/wp-content\/uploads\/2014\/12\/policia-ny-identificacao-300x169.jpg 300w\" sizes=\"(max-width: 500px) 100vw, 500px\" \/><\/p>\n<p>A cidade de New York poderia registrar a partir de agora menos pris\u00f5es de imigrantes e de pessoas que n\u00e3o possuem documentos que demonstrem sua identidade.<\/p>\n<p>O departamento de pol\u00edcia da cidade anunciou que j\u00e1 atualizou suas normas para reconhecer de forma oficial o cart\u00e3o municipal de identidade que come\u00e7ar\u00e1 a distribuir em janeiro. Imigrantes n\u00e3o autorizados, igual aos americanos, poder\u00e3o solicit\u00e1-la e contar assim com identifica\u00e7\u00e3o.<!--more--><\/p>\n<p>Atualmente se um agente de pol\u00edcia municipal parar algu\u00e9m na rua suspeita de delito e a pessoa n\u00e3o conta com um documento de identidade \u00e9 presa. Com o novo documento municipal a pessoa poder\u00e1 receber uma cita\u00e7\u00e3o ao inv\u00e9s de ser presa.<\/p>\n<p>&#8220;Isto \u00e9 um documento importante na hora de evitar pris\u00f5es desnecess\u00e1rias de pessoas que anteriormente n\u00e3o podiam mostrar sua identidade e tamb\u00e9m ajudar\u00e1 a melhorar a rela\u00e7\u00e3o entre a pol\u00edcia e a comunidade&#8221;, disse o prefeito Bill de Blasio em um comunicado.<\/p>\n<p>Muitos imigrantes sem autoriza\u00e7\u00e3o carecem de documentos americanos para identificar-se porque vivem no pa\u00eds ilegalmente.<\/p>\n<p>O documento n\u00e3o servir\u00e1 como licen\u00e7a de condu\u00e7\u00e3o e n\u00e3o ser\u00e1 reconhecida por ag\u00eancias federais, mas ser\u00e1 usada para entrar em edif\u00edcios p\u00fablicos ou solicitar ajuda de programas municipais de assist\u00eancia p\u00fablica ou moradia. Tamb\u00e9m poder\u00e1a ajudar a abrir contas banc\u00e1rias.<\/p>\n","protected":false},"excerpt":{"rendered":"<p>A cidade de New York poderia registrar a partir de agora menos pris\u00f5es de imigrantes e de pessoas que n\u00e3o possuem documentos que demonstrem sua identidade. O departamento de pol\u00edcia da cidade anunciou que j\u00e1 atualizou suas normas para reconhecer de forma oficial o cart\u00e3o municipal de identidade que come\u00e7ar\u00e1 a distribuir em janeiro. Imigrantes n\u00e3o autorizados, igual aos americanos, poder\u00e3o solicit\u00e1-la e contar assim com identifica\u00e7\u00e3o.<\/p>\n","protected":false},"author":1,"featured_media":11445,"comment_status":"open","ping_status":"open","sticky":false,"template":"","format":"standard","meta":{"_links_to":"","_links_to_target":""},"categories":[1,10],"tags":[],"views":2709,"_links":{"self":[{"href":"https:\/\/www.brazilianpress.com\/v1\/wp-json\/wp\/v2\/posts\/11444"}],"collection":[{"href":"https:\/\/www.brazilianpress.com\/v1\/wp-json\/wp\/v2\/posts"}],"about":[{"href":"https:\/\/www.brazilianpress.com\/v1\/wp-json\/wp\/v2\/types\/post"}],"author":[{"embeddable":true,"href":"https:\/\/www.brazilianpress.com\/v1\/wp-json\/wp\/v2\/users\/1"}],"replies":[{"embeddable":true,"href":"https:\/\/www.brazilianpress.com\/v1\/wp-json\/wp\/v2\/comments?post=11444"}],"version-history":[{"count":1,"href":"https:\/\/www.brazilianpress.com\/v1\/wp-json\/wp\/v2\/posts\/11444\/revisions"}],"predecessor-version":[{"id":11446,"href":"https:\/\/www.brazilianpress.com\/v1\/wp-json\/wp\/v2\/posts\/11444\/revisions\/11446"}],"wp:featuredmedia":[{"embeddable":true,"href":"https:\/\/www.brazilianpress.com\/v1\/wp-json\/wp\/v2\/media\/11445"}],"wp:attachment":[{"href":"https:\/\/www.brazilianpress.com\/v1\/wp-json\/wp\/v2\/media?parent=11444"}],"wp:term":[{"taxonomy":"category","embeddable":true,"href":"https:\/\/www.brazilianpress.com\/v1\/wp-json\/wp\/v2\/categories?post=11444"},{"taxonomy":"post_tag","embeddable":true,"href":"https:\/\/www.brazilianpress.com\/v1\/wp-json\/wp\/v2\/tags?post=11444"}],"curies":[{"name":"wp","href":"https:\/\/api.w.org\/{rel}","templated":true}]}}