{"id":11457,"date":"2014-12-26T13:51:04","date_gmt":"2014-12-26T17:51:04","guid":{"rendered":"http:\/\/www.brazilianpress.com\/v1\/?p=11457"},"modified":"2014-12-26T13:51:04","modified_gmt":"2014-12-26T17:51:04","slug":"dois-funcionarios-de-loja-no-brooklyn-baleados-enquanto-perseguiam-ladroes-armados","status":"publish","type":"post","link":"https:\/\/www.brazilianpress.com\/v1\/2014\/12\/26\/dois-funcionarios-de-loja-no-brooklyn-baleados-enquanto-perseguiam-ladroes-armados\/","title":{"rendered":"Dois funcion\u00e1rios de loja no Brooklyn baleados enquanto perseguiam ladr\u00f5es armados"},"content":{"rendered":"<p><img loading=\"lazy\" class=\"alignnone size-full wp-image-11458\" src=\"http:\/\/www.brazilianpress.com\/v1\/wp-content\/uploads\/2014\/12\/funcionarios-baleados.jpg\" alt=\"funcionarios baleados\" width=\"500\" height=\"278\" srcset=\"https:\/\/www.brazilianpress.com\/v1\/wp-content\/uploads\/2014\/12\/funcionarios-baleados.jpg 500w, https:\/\/www.brazilianpress.com\/v1\/wp-content\/uploads\/2014\/12\/funcionarios-baleados-300x166.jpg 300w\" sizes=\"(max-width: 500px) 100vw, 500px\" \/><\/p>\n<p>Os funcion\u00e1rios de uma loja de eletrodom\u00e9sticos no Brooklyn perseguiram dois ladr\u00f5es, conseguindo prender um deles, mas levaram tiros durante a persegui\u00e7\u00e3o, segundo a pol\u00edcia.<\/p>\n<p>Os suspeitos entraram na loja Mia Cucine em Midwood por volta das 19h00 e amea\u00e7aram os quatro trabalhadores que estavam l\u00e1 dentro. Os funcion\u00e1rios perseguiram os ladr\u00f5es e um dos trabalhadores foi baleado, disse a pol\u00edcia.<!--more--><\/p>\n<p>Os tr\u00eas outros trabalhadores continuaram a perseguir os suspeitos e novamente os ladr\u00f5es atiraram, acertando de rasp\u00e3o outro funcion\u00e1rio.<\/p>\n<p>Os outros funcion\u00e1rios conseguiram pegar um dos suspeitos e segur\u00e1-lo at\u00e9 que a pol\u00edcia chegou.\u00a0O suspeito tem cerca de 24 anos e est\u00e1 sob cust\u00f3dia da pol\u00edcia e enfrenta acusa\u00e7\u00f5es.<\/p>\n<p>O outro suspeito, de aproximadamente 21 anos, ainda est\u00e1 foragido, segundo a pol\u00edcia.<\/p>\n<p>Os funcion\u00e1rios feridos foram levados para o Hospital Luterano e aguardam libera\u00e7\u00e3o.<\/p>\n","protected":false},"excerpt":{"rendered":"<p>Os funcion\u00e1rios de uma loja de eletrodom\u00e9sticos no Brooklyn perseguiram dois ladr\u00f5es, conseguindo prender um deles, mas levaram tiros durante a persegui\u00e7\u00e3o, segundo a pol\u00edcia. Os suspeitos entraram na loja Mia Cucine em Midwood por volta das 19h00 e amea\u00e7aram os quatro trabalhadores que estavam l\u00e1 dentro. Os funcion\u00e1rios perseguiram os ladr\u00f5es e um dos trabalhadores foi baleado, disse a pol\u00edcia.<\/p>\n","protected":false},"author":1,"featured_media":11458,"comment_status":"open","ping_status":"open","sticky":false,"template":"","format":"standard","meta":{"_links_to":"","_links_to_target":""},"categories":[4,1],"tags":[],"views":2061,"_links":{"self":[{"href":"https:\/\/www.brazilianpress.com\/v1\/wp-json\/wp\/v2\/posts\/11457"}],"collection":[{"href":"https:\/\/www.brazilianpress.com\/v1\/wp-json\/wp\/v2\/posts"}],"about":[{"href":"https:\/\/www.brazilianpress.com\/v1\/wp-json\/wp\/v2\/types\/post"}],"author":[{"embeddable":true,"href":"https:\/\/www.brazilianpress.com\/v1\/wp-json\/wp\/v2\/users\/1"}],"replies":[{"embeddable":true,"href":"https:\/\/www.brazilianpress.com\/v1\/wp-json\/wp\/v2\/comments?post=11457"}],"version-history":[{"count":1,"href":"https:\/\/www.brazilianpress.com\/v1\/wp-json\/wp\/v2\/posts\/11457\/revisions"}],"predecessor-version":[{"id":11459,"href":"https:\/\/www.brazilianpress.com\/v1\/wp-json\/wp\/v2\/posts\/11457\/revisions\/11459"}],"wp:featuredmedia":[{"embeddable":true,"href":"https:\/\/www.brazilianpress.com\/v1\/wp-json\/wp\/v2\/media\/11458"}],"wp:attachment":[{"href":"https:\/\/www.brazilianpress.com\/v1\/wp-json\/wp\/v2\/media?parent=11457"}],"wp:term":[{"taxonomy":"category","embeddable":true,"href":"https:\/\/www.brazilianpress.com\/v1\/wp-json\/wp\/v2\/categories?post=11457"},{"taxonomy":"post_tag","embeddable":true,"href":"https:\/\/www.brazilianpress.com\/v1\/wp-json\/wp\/v2\/tags?post=11457"}],"curies":[{"name":"wp","href":"https:\/\/api.w.org\/{rel}","templated":true}]}}