{"id":11469,"date":"2014-12-26T14:06:06","date_gmt":"2014-12-26T18:06:06","guid":{"rendered":"http:\/\/www.brazilianpress.com\/v1\/?p=11469"},"modified":"2015-04-23T10:45:13","modified_gmt":"2015-04-23T14:45:13","slug":"fatos-fotos-by-rejes-salomao-26122014","status":"publish","type":"post","link":"https:\/\/www.brazilianpress.com\/v1\/2014\/12\/26\/fatos-fotos-by-rejes-salomao-26122014\/","title":{"rendered":"Fatos &#038; Fotos, by Rejes Salom\u00e3o . 26\/12\/2014"},"content":{"rendered":"<p><img loading=\"lazy\" class=\"alignnone size-full wp-image-11156\" src=\"http:\/\/www.brazilianpress.com\/v1\/wp-content\/uploads\/2014\/12\/fatos-fotos-rejes-salomao.jpg\" alt=\"fatos fotos rejes salomao\" width=\"500\" height=\"164\" srcset=\"https:\/\/www.brazilianpress.com\/v1\/wp-content\/uploads\/2014\/12\/fatos-fotos-rejes-salomao.jpg 500w, https:\/\/www.brazilianpress.com\/v1\/wp-content\/uploads\/2014\/12\/fatos-fotos-rejes-salomao-300x98.jpg 300w\" sizes=\"(max-width: 500px) 100vw, 500px\" \/><\/p>\n<p>Outro nome de sucesso na Am\u00e9rica \u00e9 a empres\u00e1ria da beleza Flavia Leal em visita aos Estados Unidos tive a oportunidade de conhecer as duas unidades e constatar o sucesso e a dedica\u00e7\u00e3o dessa brasileira que \u00e9 refer\u00eancia n\u00e3o s\u00f3 nos Estados Unidos, mas tamb\u00e9m no Brasil onde em breve abrir\u00e1 algumas franquias !<!--more--><\/p>\n<p><em><strong><img loading=\"lazy\" class=\"alignnone size-full wp-image-11471\" src=\"http:\/\/www.brazilianpress.com\/v1\/wp-content\/uploads\/2014\/12\/coluna-rejes-ed1711-20141226-2.jpg\" alt=\"coluna rejes ed1711 20141226 (2)\" width=\"450\" height=\"600\" srcset=\"https:\/\/www.brazilianpress.com\/v1\/wp-content\/uploads\/2014\/12\/coluna-rejes-ed1711-20141226-2.jpg 450w, https:\/\/www.brazilianpress.com\/v1\/wp-content\/uploads\/2014\/12\/coluna-rejes-ed1711-20141226-2-225x300.jpg 225w\" sizes=\"(max-width: 450px) 100vw, 450px\" \/><br \/>\nJuninho, cantor da Banda Trem Bala. Sam e sua esposa no camarim antes do Show na cidade de Nacip Raidan.<\/strong><\/em><\/p>\n<p><em><strong><img loading=\"lazy\" class=\"alignnone size-full wp-image-11473\" src=\"http:\/\/www.brazilianpress.com\/v1\/wp-content\/uploads\/2014\/12\/coluna-rejes-ed1711-20141226-4.jpg\" alt=\"coluna rejes ed1711 20141226 (4)\" width=\"450\" height=\"450\" srcset=\"https:\/\/www.brazilianpress.com\/v1\/wp-content\/uploads\/2014\/12\/coluna-rejes-ed1711-20141226-4.jpg 450w, https:\/\/www.brazilianpress.com\/v1\/wp-content\/uploads\/2014\/12\/coluna-rejes-ed1711-20141226-4-150x150.jpg 150w, https:\/\/www.brazilianpress.com\/v1\/wp-content\/uploads\/2014\/12\/coluna-rejes-ed1711-20141226-4-300x300.jpg 300w\" sizes=\"(max-width: 450px) 100vw, 450px\" \/><br \/>\nNa minha recente estada na cidade de Everet, MA, fui recebido pelo empres\u00e1rio restauranter Wilton Oliveira, que h\u00e1 mais de 20 anos reside na Am\u00e9rica e tem quatros restaurantes, Oliveiras Rest. Participa efetivamente da economia local . Brasileiro de sucesso na Am\u00e9rica.<\/strong><\/em><\/p>\n<p><em><strong><img loading=\"lazy\" class=\"alignnone size-full wp-image-11470\" src=\"http:\/\/www.brazilianpress.com\/v1\/wp-content\/uploads\/2014\/12\/coluna-rejes-ed1711-20141226-1.jpg\" alt=\"coluna rejes ed1711 20141226 (1)\" width=\"450\" height=\"600\" srcset=\"https:\/\/www.brazilianpress.com\/v1\/wp-content\/uploads\/2014\/12\/coluna-rejes-ed1711-20141226-1.jpg 450w, https:\/\/www.brazilianpress.com\/v1\/wp-content\/uploads\/2014\/12\/coluna-rejes-ed1711-20141226-1-225x300.jpg 225w\" sizes=\"(max-width: 450px) 100vw, 450px\" \/><br \/>\nAdriano Costa atualmente reside na cidade de Everet, MA, veio visitar familiares e passar as festas de fim de ano. Adriano atua na \u00e1rea de autom\u00f3veis na cidade americana.<\/strong><\/em><\/p>\n<p><em><strong><img loading=\"lazy\" class=\"alignnone size-full wp-image-11474\" src=\"http:\/\/www.brazilianpress.com\/v1\/wp-content\/uploads\/2014\/12\/coluna-rejes-ed1711-20141226-5.jpg\" alt=\"coluna rejes ed1711 20141226 (5)\" width=\"450\" height=\"600\" srcset=\"https:\/\/www.brazilianpress.com\/v1\/wp-content\/uploads\/2014\/12\/coluna-rejes-ed1711-20141226-5.jpg 450w, https:\/\/www.brazilianpress.com\/v1\/wp-content\/uploads\/2014\/12\/coluna-rejes-ed1711-20141226-5-225x300.jpg 225w\" sizes=\"(max-width: 450px) 100vw, 450px\" \/><br \/>\nS\u00e9rgio Sobreira propriet\u00e1rio da Pousada da Serra que \u00e9 refer\u00eancia na Ibituruna, atualmente o publicit\u00e1rio tem lan\u00e7ado v\u00e1rios empreendimentos na cidade de Valadares, pr\u00e9dios para investimento a m\u00e9dio prazo.<\/strong><\/em><\/p>\n<p><em><strong><img loading=\"lazy\" class=\"alignnone size-full wp-image-11472\" src=\"http:\/\/www.brazilianpress.com\/v1\/wp-content\/uploads\/2014\/12\/coluna-rejes-ed1711-20141226-3.jpg\" alt=\"coluna rejes ed1711 20141226 (3)\" width=\"450\" height=\"600\" srcset=\"https:\/\/www.brazilianpress.com\/v1\/wp-content\/uploads\/2014\/12\/coluna-rejes-ed1711-20141226-3.jpg 450w, https:\/\/www.brazilianpress.com\/v1\/wp-content\/uploads\/2014\/12\/coluna-rejes-ed1711-20141226-3-225x300.jpg 225w\" sizes=\"(max-width: 450px) 100vw, 450px\" \/><br \/>\nEm close especial para a coluna, o Prefeito Fabinho, Chefe do Executivo da cidade de Mesquita, MG, ele que morou duas d\u00e9cadas na terra do Tio Sam e hoje dedica sua vida \u00e0 fazenda que possu\u00ed na regi\u00e3o e comanda com compet\u00eancia a cidade de Mesquita.<\/strong><\/em><\/p>\n","protected":false},"excerpt":{"rendered":"<p>Outro nome de sucesso na Am\u00e9rica \u00e9 a empres\u00e1ria da beleza Flavia Leal em visita aos Estados Unidos tive a oportunidade de conhecer as duas unidades e constatar o sucesso e a dedica\u00e7\u00e3o dessa brasileira que \u00e9 refer\u00eancia n\u00e3o s\u00f3 nos Estados Unidos, mas tamb\u00e9m no Brasil onde em breve abrir\u00e1 algumas franquias !<\/p>\n","protected":false},"author":1,"featured_media":11473,"comment_status":"open","ping_status":"open","sticky":false,"template":"","format":"standard","meta":{"_links_to":"","_links_to_target":""},"categories":[4,19,1],"tags":[],"views":2794,"_links":{"self":[{"href":"https:\/\/www.brazilianpress.com\/v1\/wp-json\/wp\/v2\/posts\/11469"}],"collection":[{"href":"https:\/\/www.brazilianpress.com\/v1\/wp-json\/wp\/v2\/posts"}],"about":[{"href":"https:\/\/www.brazilianpress.com\/v1\/wp-json\/wp\/v2\/types\/post"}],"author":[{"embeddable":true,"href":"https:\/\/www.brazilianpress.com\/v1\/wp-json\/wp\/v2\/users\/1"}],"replies":[{"embeddable":true,"href":"https:\/\/www.brazilianpress.com\/v1\/wp-json\/wp\/v2\/comments?post=11469"}],"version-history":[{"count":1,"href":"https:\/\/www.brazilianpress.com\/v1\/wp-json\/wp\/v2\/posts\/11469\/revisions"}],"predecessor-version":[{"id":11475,"href":"https:\/\/www.brazilianpress.com\/v1\/wp-json\/wp\/v2\/posts\/11469\/revisions\/11475"}],"wp:featuredmedia":[{"embeddable":true,"href":"https:\/\/www.brazilianpress.com\/v1\/wp-json\/wp\/v2\/media\/11473"}],"wp:attachment":[{"href":"https:\/\/www.brazilianpress.com\/v1\/wp-json\/wp\/v2\/media?parent=11469"}],"wp:term":[{"taxonomy":"category","embeddable":true,"href":"https:\/\/www.brazilianpress.com\/v1\/wp-json\/wp\/v2\/categories?post=11469"},{"taxonomy":"post_tag","embeddable":true,"href":"https:\/\/www.brazilianpress.com\/v1\/wp-json\/wp\/v2\/tags?post=11469"}],"curies":[{"name":"wp","href":"https:\/\/api.w.org\/{rel}","templated":true}]}}