{"id":11476,"date":"2014-12-26T14:12:37","date_gmt":"2014-12-26T18:12:37","guid":{"rendered":"http:\/\/www.brazilianpress.com\/v1\/?p=11476"},"modified":"2014-12-26T14:12:37","modified_gmt":"2014-12-26T18:12:37","slug":"museu-em-astoria-realizou-noite-em-homenagem-a-tom-jobim-ao-samba-e-as-cores-do-brasil","status":"publish","type":"post","link":"https:\/\/www.brazilianpress.com\/v1\/2014\/12\/26\/museu-em-astoria-realizou-noite-em-homenagem-a-tom-jobim-ao-samba-e-as-cores-do-brasil\/","title":{"rendered":"Museu em Astoria realizou noite em homenagem a Tom Jobim, ao Samba e \u00e0s Cores do Brasil"},"content":{"rendered":"<p><img loading=\"lazy\" class=\"alignnone size-full wp-image-11478\" src=\"http:\/\/www.brazilianpress.com\/v1\/wp-content\/uploads\/2014\/12\/Museu-Astoria-tom-jobim-ed1711-20141226-1.jpg\" alt=\"Museu Astoria tom jobim ed1711 20141226  (1)\" width=\"450\" height=\"300\" srcset=\"https:\/\/www.brazilianpress.com\/v1\/wp-content\/uploads\/2014\/12\/Museu-Astoria-tom-jobim-ed1711-20141226-1.jpg 450w, https:\/\/www.brazilianpress.com\/v1\/wp-content\/uploads\/2014\/12\/Museu-Astoria-tom-jobim-ed1711-20141226-1-300x200.jpg 300w\" sizes=\"(max-width: 450px) 100vw, 450px\" \/><\/p>\n<p><strong><em>Roger Costa<\/em><\/strong>&#8211; Localizado em Astoria, Queens, o rec\u00e9m renovado Museum of the Moving Image, \u00e9 a institui\u00e7\u00e3o de maior dedica\u00e7\u00e3o a difus\u00e3o das artes cinematogr\u00e1ficas, e a produ\u00e7\u00e3o de imagens em geral, suas influ\u00eancias e tend\u00eancias. Para finalizar a s\u00e9rie de sucesso, &#8220;O Brazil: Contemporary Brazilian Cinema&#8221;, que iniciou em outubro com a estreia de &#8220;The Way He Looks&#8221;, seguidos das exibi\u00e7\u00f5es do sucesso de bilheteria &#8220;Minha M\u00e3e \u00e9 Uma Pe\u00e7a&#8221; e do drama urbano &#8220;Casa Grande&#8221;, a organiza\u00e7\u00e3o em parceria com Cinema Tropical, realizou no \u00faltimo s\u00e1bado (20) uma noite em celebra\u00e7\u00e3o \u00e0 cultura brasileira, destacando o trabalho do mestre cantor e compositor Tom Jobim. <!--more-->Brasileiros de todas as partes e de v\u00e1rias idades lotaram a sala de cinema do Museu, al\u00e9m da presen\u00e7a de v\u00e1rios entusiastas da hist\u00f3ria musical de Tom, durante a exibi\u00e7\u00e3o do document\u00e1rio &#8220;A M\u00fasica Segundo Tom Jobim&#8221;, compila\u00e7\u00e3o de imagens, clips musicais e encontros do compositor, realizado por Nelson Pereira dos Santos.<\/p>\n<p><img loading=\"lazy\" class=\"alignnone size-full wp-image-11479\" src=\"http:\/\/www.brazilianpress.com\/v1\/wp-content\/uploads\/2014\/12\/Museu-Astoria-tom-jobim-ed1711-20141226-2.jpg\" alt=\"Museu Astoria tom jobim ed1711 20141226  (2)\" width=\"450\" height=\"300\" srcset=\"https:\/\/www.brazilianpress.com\/v1\/wp-content\/uploads\/2014\/12\/Museu-Astoria-tom-jobim-ed1711-20141226-2.jpg 450w, https:\/\/www.brazilianpress.com\/v1\/wp-content\/uploads\/2014\/12\/Museu-Astoria-tom-jobim-ed1711-20141226-2-300x200.jpg 300w\" sizes=\"(max-width: 450px) 100vw, 450px\" \/><\/p>\n<p>Ap\u00f3s a exibi\u00e7\u00e3o do filme, a audi\u00eancia desfrutou de um open bar e buffet, com petiscos saborosos servidos pelo Restaurante Cantinho de Minas NY, e animados pelo som contagiante da banda Turma do Samba, trazendo para o local, um pouco das cores e energia brasileira. Acesse o nosso site www.BrazilianPress.com para ver a cobertura completa de fotos.<\/p>\n<p><img loading=\"lazy\" class=\"alignnone size-full wp-image-11482\" src=\"http:\/\/www.brazilianpress.com\/v1\/wp-content\/uploads\/2014\/12\/Museu-Astoria-tom-jobim-ed1711-20141226-5.jpg\" alt=\"Museu Astoria tom jobim ed1711 20141226  (5)\" width=\"450\" height=\"300\" srcset=\"https:\/\/www.brazilianpress.com\/v1\/wp-content\/uploads\/2014\/12\/Museu-Astoria-tom-jobim-ed1711-20141226-5.jpg 450w, https:\/\/www.brazilianpress.com\/v1\/wp-content\/uploads\/2014\/12\/Museu-Astoria-tom-jobim-ed1711-20141226-5-300x200.jpg 300w\" sizes=\"(max-width: 450px) 100vw, 450px\" \/> <img loading=\"lazy\" class=\"alignnone size-full wp-image-11483\" src=\"http:\/\/www.brazilianpress.com\/v1\/wp-content\/uploads\/2014\/12\/Museu-Astoria-tom-jobim-ed1711-20141226-6.jpg\" alt=\"Museu Astoria tom jobim ed1711 20141226  (6)\" width=\"450\" height=\"300\" srcset=\"https:\/\/www.brazilianpress.com\/v1\/wp-content\/uploads\/2014\/12\/Museu-Astoria-tom-jobim-ed1711-20141226-6.jpg 450w, https:\/\/www.brazilianpress.com\/v1\/wp-content\/uploads\/2014\/12\/Museu-Astoria-tom-jobim-ed1711-20141226-6-300x200.jpg 300w\" sizes=\"(max-width: 450px) 100vw, 450px\" \/> <img loading=\"lazy\" class=\"alignnone size-full wp-image-11481\" src=\"http:\/\/www.brazilianpress.com\/v1\/wp-content\/uploads\/2014\/12\/Museu-Astoria-tom-jobim-ed1711-20141226-4.jpg\" alt=\"Museu Astoria tom jobim ed1711 20141226  (4)\" width=\"450\" height=\"300\" srcset=\"https:\/\/www.brazilianpress.com\/v1\/wp-content\/uploads\/2014\/12\/Museu-Astoria-tom-jobim-ed1711-20141226-4.jpg 450w, https:\/\/www.brazilianpress.com\/v1\/wp-content\/uploads\/2014\/12\/Museu-Astoria-tom-jobim-ed1711-20141226-4-300x200.jpg 300w\" sizes=\"(max-width: 450px) 100vw, 450px\" \/> <img loading=\"lazy\" class=\"alignnone size-full wp-image-11480\" src=\"http:\/\/www.brazilianpress.com\/v1\/wp-content\/uploads\/2014\/12\/Museu-Astoria-tom-jobim-ed1711-20141226-3.jpg\" alt=\"Museu Astoria tom jobim ed1711 20141226  (3)\" width=\"450\" height=\"300\" srcset=\"https:\/\/www.brazilianpress.com\/v1\/wp-content\/uploads\/2014\/12\/Museu-Astoria-tom-jobim-ed1711-20141226-3.jpg 450w, https:\/\/www.brazilianpress.com\/v1\/wp-content\/uploads\/2014\/12\/Museu-Astoria-tom-jobim-ed1711-20141226-3-300x200.jpg 300w\" sizes=\"(max-width: 450px) 100vw, 450px\" \/> <img loading=\"lazy\" class=\"alignnone size-full wp-image-11477\" src=\"http:\/\/www.brazilianpress.com\/v1\/wp-content\/uploads\/2014\/12\/Museu-Astoria-tom-jobim-ed1711-20141226-7.jpg\" alt=\"Museu Astoria tom jobim ed1711 20141226  (7)\" width=\"450\" height=\"300\" srcset=\"https:\/\/www.brazilianpress.com\/v1\/wp-content\/uploads\/2014\/12\/Museu-Astoria-tom-jobim-ed1711-20141226-7.jpg 450w, https:\/\/www.brazilianpress.com\/v1\/wp-content\/uploads\/2014\/12\/Museu-Astoria-tom-jobim-ed1711-20141226-7-300x200.jpg 300w\" sizes=\"(max-width: 450px) 100vw, 450px\" \/><\/p>\n","protected":false},"excerpt":{"rendered":"<p>Roger Costa&#8211; Localizado em Astoria, Queens, o rec\u00e9m renovado Museum of the Moving Image, \u00e9 a institui\u00e7\u00e3o de maior dedica\u00e7\u00e3o a difus\u00e3o das artes cinematogr\u00e1ficas, e a produ\u00e7\u00e3o de imagens em geral, suas influ\u00eancias e tend\u00eancias. Para finalizar a s\u00e9rie de sucesso, &#8220;O Brazil: Contemporary Brazilian Cinema&#8221;, que iniciou em outubro com a estreia de &#8220;The Way He Looks&#8221;, seguidos das exibi\u00e7\u00f5es do sucesso de bilheteria &#8220;Minha M\u00e3e \u00e9 Uma Pe\u00e7a&#8221; e do drama urbano &#8220;Casa Grande&#8221;, a organiza\u00e7\u00e3o em parceria com Cinema Tropical, realizou no \u00faltimo s\u00e1bado (20) uma noite em celebra\u00e7\u00e3o \u00e0 cultura brasileira, destacando o trabalho do [&hellip;]<\/p>\n","protected":false},"author":1,"featured_media":11480,"comment_status":"open","ping_status":"open","sticky":false,"template":"","format":"standard","meta":{"_links_to":"","_links_to_target":""},"categories":[4,1],"tags":[],"views":2114,"_links":{"self":[{"href":"https:\/\/www.brazilianpress.com\/v1\/wp-json\/wp\/v2\/posts\/11476"}],"collection":[{"href":"https:\/\/www.brazilianpress.com\/v1\/wp-json\/wp\/v2\/posts"}],"about":[{"href":"https:\/\/www.brazilianpress.com\/v1\/wp-json\/wp\/v2\/types\/post"}],"author":[{"embeddable":true,"href":"https:\/\/www.brazilianpress.com\/v1\/wp-json\/wp\/v2\/users\/1"}],"replies":[{"embeddable":true,"href":"https:\/\/www.brazilianpress.com\/v1\/wp-json\/wp\/v2\/comments?post=11476"}],"version-history":[{"count":1,"href":"https:\/\/www.brazilianpress.com\/v1\/wp-json\/wp\/v2\/posts\/11476\/revisions"}],"predecessor-version":[{"id":11484,"href":"https:\/\/www.brazilianpress.com\/v1\/wp-json\/wp\/v2\/posts\/11476\/revisions\/11484"}],"wp:featuredmedia":[{"embeddable":true,"href":"https:\/\/www.brazilianpress.com\/v1\/wp-json\/wp\/v2\/media\/11480"}],"wp:attachment":[{"href":"https:\/\/www.brazilianpress.com\/v1\/wp-json\/wp\/v2\/media?parent=11476"}],"wp:term":[{"taxonomy":"category","embeddable":true,"href":"https:\/\/www.brazilianpress.com\/v1\/wp-json\/wp\/v2\/categories?post=11476"},{"taxonomy":"post_tag","embeddable":true,"href":"https:\/\/www.brazilianpress.com\/v1\/wp-json\/wp\/v2\/tags?post=11476"}],"curies":[{"name":"wp","href":"https:\/\/api.w.org\/{rel}","templated":true}]}}