{"id":1158,"date":"2013-06-20T10:39:22","date_gmt":"2013-06-20T14:39:22","guid":{"rendered":"http:\/\/www.brazilianpress.com\/v1\/?p=1158"},"modified":"2013-06-20T10:39:22","modified_gmt":"2013-06-20T14:39:22","slug":"fla-usa-chegada-de-mano-para-afagar-pelaipe-e-minimizar-crise-interna","status":"publish","type":"post","link":"https:\/\/www.brazilianpress.com\/v1\/2013\/06\/20\/fla-usa-chegada-de-mano-para-afagar-pelaipe-e-minimizar-crise-interna\/","title":{"rendered":"Fla usa chegada de Mano para afagar Pelaipe e minimizar crise interna"},"content":{"rendered":"<p>A diretoria do Flamengo aproveitou a chegada de Mano Menezes para fazer um afago ao diretor executivo de futebol Paulo Pelaipe. Sem muito prest\u00edgio nos bastidores, o dirigente n\u00e3o se envolveu diretamente na negocia\u00e7\u00e3o pelo novo treinador, mas ainda assim teve seu papel na negocia\u00e7\u00e3o elogiado pelo vice-presidente do departamento rubro-negro, Wallim Vasconcellos.<!--more--><\/p>\n<p><img loading=\"lazy\" class=\"alignnone size-full wp-image-1159\" alt=\"paulo pelaipe mano menezes\" src=\"http:\/\/www.brazilianpress.com\/v1\/wp-content\/uploads\/2013\/06\/paulo-pelaipe-mano-menezes.jpg\" width=\"500\" height=\"244\" srcset=\"https:\/\/www.brazilianpress.com\/v1\/wp-content\/uploads\/2013\/06\/paulo-pelaipe-mano-menezes.jpg 500w, https:\/\/www.brazilianpress.com\/v1\/wp-content\/uploads\/2013\/06\/paulo-pelaipe-mano-menezes-300x146.jpg 300w\" sizes=\"(max-width: 500px) 100vw, 500px\" \/><\/p>\n<p>\u201cA participa\u00e7\u00e3o do Paulo Pelaipe foi important\u00edssima nessa negocia\u00e7\u00e3o. Queria agradecer pelo esfor\u00e7o em trazer o Mano Menezes. Ao contr\u00e1rio do que tem dito, ele tem todo o nosso apoio. Isso apesar de todo dia sair uma nota na imprensa de que o Paulo est\u00e1 por um fio\u201d, disse Vasconcellos, antes mesmo do come\u00e7o da apresenta\u00e7\u00e3o do t\u00e9cnico, que tamb\u00e9m contou com o presidente Eduardo Bandeira de Mello.<\/p>\n<p>Com Paulo Pelaipe em xeque, a alta c\u00fapula do Flamengo j\u00e1 tem um poss\u00edvel substituto em mente. Embora negue abertamente, a diretoria pensa no nome do superintendente de futebol do Coritiba, Felipe Ximenes, para uma futura troca. O dirigente foi procurado pela atual gest\u00e3o no come\u00e7o do ano, antes do acerto com o pr\u00f3prio Pelaipe.<\/p>\n<p>Ximenes agrada pelo bom trabalho realizado no time paranaense nos \u00faltimos anos. Mesmo com um or\u00e7amento menor que o do Rubro-negro, o dirigente levou a equipe da Regi\u00e3o Sul \u00e0s boas campanhas nas Copas do Brasil de 2011 e 2012, anos em que ficou com o vice da competi\u00e7\u00e3o.<\/p>\n<p>A troca no comando do futebol do clube seria uma atitude radical dos dirigentes ap\u00f3s a piora recente nas rela\u00e7\u00f5es. H\u00e1 quase dois meses, o conselho diretor tentou uma alternativa mais branda ao sondar o ex-zagueiro F\u00e1bio Luciano para o cargo de supervisor, uma fun\u00e7\u00e3o intermedi\u00e1ria. O ex-jogador dividiria o poder com Pelaipe, mas a ideia n\u00e3o avan\u00e7ou.<\/p>\n<p>H\u00e1 quase dois meses, a alta c\u00fapula tentou uma solu\u00e7\u00e3o mais branda e sondou o ex-zagueiro Fabio Luciano para assumir uma posi\u00e7\u00e3o intermedi\u00e1ria, de supervisor de futebol. A inten\u00e7\u00e3o era dividir o comando e reduzir o autoritarismo de Pelaipe. A ideia, no entanto, n\u00e3o avan\u00e7ou devido a compromissos profissionais do ex-atleta.<\/p>\n","protected":false},"excerpt":{"rendered":"<p>A diretoria do Flamengo aproveitou a chegada de Mano Menezes para fazer um afago ao diretor executivo de futebol Paulo Pelaipe. Sem muito prest\u00edgio nos bastidores, o dirigente n\u00e3o se envolveu diretamente na negocia\u00e7\u00e3o pelo novo treinador, mas ainda assim teve seu papel na negocia\u00e7\u00e3o elogiado pelo vice-presidente do departamento rubro-negro, Wallim Vasconcellos.<\/p>\n","protected":false},"author":1,"featured_media":1159,"comment_status":"open","ping_status":"open","sticky":false,"template":"","format":"standard","meta":{"_links_to":"","_links_to_target":""},"categories":[9,1],"tags":[],"views":2170,"_links":{"self":[{"href":"https:\/\/www.brazilianpress.com\/v1\/wp-json\/wp\/v2\/posts\/1158"}],"collection":[{"href":"https:\/\/www.brazilianpress.com\/v1\/wp-json\/wp\/v2\/posts"}],"about":[{"href":"https:\/\/www.brazilianpress.com\/v1\/wp-json\/wp\/v2\/types\/post"}],"author":[{"embeddable":true,"href":"https:\/\/www.brazilianpress.com\/v1\/wp-json\/wp\/v2\/users\/1"}],"replies":[{"embeddable":true,"href":"https:\/\/www.brazilianpress.com\/v1\/wp-json\/wp\/v2\/comments?post=1158"}],"version-history":[{"count":1,"href":"https:\/\/www.brazilianpress.com\/v1\/wp-json\/wp\/v2\/posts\/1158\/revisions"}],"predecessor-version":[{"id":1160,"href":"https:\/\/www.brazilianpress.com\/v1\/wp-json\/wp\/v2\/posts\/1158\/revisions\/1160"}],"wp:featuredmedia":[{"embeddable":true,"href":"https:\/\/www.brazilianpress.com\/v1\/wp-json\/wp\/v2\/media\/1159"}],"wp:attachment":[{"href":"https:\/\/www.brazilianpress.com\/v1\/wp-json\/wp\/v2\/media?parent=1158"}],"wp:term":[{"taxonomy":"category","embeddable":true,"href":"https:\/\/www.brazilianpress.com\/v1\/wp-json\/wp\/v2\/categories?post=1158"},{"taxonomy":"post_tag","embeddable":true,"href":"https:\/\/www.brazilianpress.com\/v1\/wp-json\/wp\/v2\/tags?post=1158"}],"curies":[{"name":"wp","href":"https:\/\/api.w.org\/{rel}","templated":true}]}}