{"id":11589,"date":"2015-01-02T12:43:55","date_gmt":"2015-01-02T16:43:55","guid":{"rendered":"http:\/\/www.brazilianpress.com\/v1\/?p=11589"},"modified":"2015-04-23T10:45:13","modified_gmt":"2015-04-23T14:45:13","slug":"fatos-fotos-by-rejes-salomao-02012015","status":"publish","type":"post","link":"https:\/\/www.brazilianpress.com\/v1\/2015\/01\/02\/fatos-fotos-by-rejes-salomao-02012015\/","title":{"rendered":"Fatos &#038; Fotos, by Rejes Salom\u00e3o . 02\/01\/2015"},"content":{"rendered":"<p><img loading=\"lazy\" class=\"alignnone size-full wp-image-11156\" src=\"http:\/\/www.brazilianpress.com\/v1\/wp-content\/uploads\/2014\/12\/fatos-fotos-rejes-salomao.jpg\" alt=\"fatos fotos rejes salomao\" width=\"500\" height=\"164\" srcset=\"https:\/\/www.brazilianpress.com\/v1\/wp-content\/uploads\/2014\/12\/fatos-fotos-rejes-salomao.jpg 500w, https:\/\/www.brazilianpress.com\/v1\/wp-content\/uploads\/2014\/12\/fatos-fotos-rejes-salomao-300x98.jpg 300w\" sizes=\"(max-width: 500px) 100vw, 500px\" \/><\/p>\n<p><strong><em><img loading=\"lazy\" class=\"alignnone size-full wp-image-11591\" src=\"http:\/\/www.brazilianpress.com\/v1\/wp-content\/uploads\/2015\/01\/coluna-rejes-ed1712-20150202-1.jpg\" alt=\"coluna rejes ed1712 20150202 (1)\" width=\"450\" height=\"600\" srcset=\"https:\/\/www.brazilianpress.com\/v1\/wp-content\/uploads\/2015\/01\/coluna-rejes-ed1712-20150202-1.jpg 450w, https:\/\/www.brazilianpress.com\/v1\/wp-content\/uploads\/2015\/01\/coluna-rejes-ed1712-20150202-1-225x300.jpg 225w\" sizes=\"(max-width: 450px) 100vw, 450px\" \/><br \/>\nAs belas Iolanda e ALINE Brandao marcaram presen\u00e7a na festa de joaima no vale do jequitinhonha<\/em><\/strong><\/p>\n<p><strong><em><img loading=\"lazy\" class=\"alignnone size-full wp-image-11592\" src=\"http:\/\/www.brazilianpress.com\/v1\/wp-content\/uploads\/2015\/01\/coluna-rejes-ed1712-20150202-2.jpg\" alt=\"coluna rejes ed1712 20150202 (2)\" width=\"450\" height=\"600\" srcset=\"https:\/\/www.brazilianpress.com\/v1\/wp-content\/uploads\/2015\/01\/coluna-rejes-ed1712-20150202-2.jpg 450w, https:\/\/www.brazilianpress.com\/v1\/wp-content\/uploads\/2015\/01\/coluna-rejes-ed1712-20150202-2-225x300.jpg 225w\" sizes=\"(max-width: 450px) 100vw, 450px\" \/><br \/>\nRejes Salom\u00e3o sendo recebido pelo cantor sertanejo Lwo Magalh\u00e3es na cidade de Joaima mg<\/em><\/strong><!--more--><\/p>\n<p><strong><em><img loading=\"lazy\" class=\"alignnone size-full wp-image-11593\" src=\"http:\/\/www.brazilianpress.com\/v1\/wp-content\/uploads\/2015\/01\/coluna-rejes-ed1712-20150202-3.jpg\" alt=\"coluna rejes ed1712 20150202 (3)\" width=\"450\" height=\"600\" srcset=\"https:\/\/www.brazilianpress.com\/v1\/wp-content\/uploads\/2015\/01\/coluna-rejes-ed1712-20150202-3.jpg 450w, https:\/\/www.brazilianpress.com\/v1\/wp-content\/uploads\/2015\/01\/coluna-rejes-ed1712-20150202-3-225x300.jpg 225w\" sizes=\"(max-width: 450px) 100vw, 450px\" \/><br \/>\nPrimeira dama do Munic\u00edpio de Joaima no vale do jequitinhonha Amanda e o prefeito Donizeti Lemos , casal recebeu na ultima semana convidados em comemora\u00e7\u00e3o aos 66 anos da cidade que contou com show de L\u00e9o magalh\u00e3es<\/em><\/strong><\/p>\n<p><strong><em><img loading=\"lazy\" class=\"alignnone size-full wp-image-11594\" src=\"http:\/\/www.brazilianpress.com\/v1\/wp-content\/uploads\/2015\/01\/coluna-rejes-ed1712-20150202-4.jpg\" alt=\"coluna rejes ed1712 20150202 (4)\" width=\"450\" height=\"600\" srcset=\"https:\/\/www.brazilianpress.com\/v1\/wp-content\/uploads\/2015\/01\/coluna-rejes-ed1712-20150202-4.jpg 450w, https:\/\/www.brazilianpress.com\/v1\/wp-content\/uploads\/2015\/01\/coluna-rejes-ed1712-20150202-4-225x300.jpg 225w\" sizes=\"(max-width: 450px) 100vw, 450px\" \/><br \/>\nDona Geralda matrarca da fam\u00edlia Gusmao Moreira paparicando o neto Halluan Gabriel em tarde de churas em Valadares .<\/em><\/strong><\/p>\n<p><strong><em><img loading=\"lazy\" class=\"alignnone size-full wp-image-11595\" src=\"http:\/\/www.brazilianpress.com\/v1\/wp-content\/uploads\/2015\/01\/coluna-rejes-ed1712-20150202-5.jpg\" alt=\"coluna rejes ed1712 20150202 (5)\" width=\"450\" height=\"600\" srcset=\"https:\/\/www.brazilianpress.com\/v1\/wp-content\/uploads\/2015\/01\/coluna-rejes-ed1712-20150202-5.jpg 450w, https:\/\/www.brazilianpress.com\/v1\/wp-content\/uploads\/2015\/01\/coluna-rejes-ed1712-20150202-5-225x300.jpg 225w\" sizes=\"(max-width: 450px) 100vw, 450px\" \/><br \/>\nL\u00e9o da XX e sua girl friend marcela , L\u00e9o recentemente inaugurou a boate Marys Club na ilha dos araujos , al\u00e9m da Manaliza que completou recentemente 7 anos de sucesso .<\/em><\/strong><\/p>\n<p><strong><em><img loading=\"lazy\" class=\"alignnone size-full wp-image-11596\" src=\"http:\/\/www.brazilianpress.com\/v1\/wp-content\/uploads\/2015\/01\/coluna-rejes-ed1712-20150202-6.jpg\" alt=\"coluna rejes ed1712 20150202 (6)\" width=\"450\" height=\"600\" srcset=\"https:\/\/www.brazilianpress.com\/v1\/wp-content\/uploads\/2015\/01\/coluna-rejes-ed1712-20150202-6.jpg 450w, https:\/\/www.brazilianpress.com\/v1\/wp-content\/uploads\/2015\/01\/coluna-rejes-ed1712-20150202-6-225x300.jpg 225w\" sizes=\"(max-width: 450px) 100vw, 450px\" \/><br \/>\nVadinho Murta o rei do gado de joaima recebendo no jacutinga clube o amigo Roberto rosa que veio especialmente de newark EUA para passar as festas d fim de ano com a fam\u00edlia .<\/em><\/strong><\/p>\n","protected":false},"excerpt":{"rendered":"<p>As belas Iolanda e ALINE Brandao marcaram presen\u00e7a na festa de joaima no vale do jequitinhonha Rejes Salom\u00e3o sendo recebido pelo cantor sertanejo Lwo Magalh\u00e3es na cidade de Joaima mg<\/p>\n","protected":false},"author":1,"featured_media":11590,"comment_status":"open","ping_status":"open","sticky":false,"template":"","format":"standard","meta":{"_links_to":"","_links_to_target":""},"categories":[4,19,1],"tags":[],"views":6018,"_links":{"self":[{"href":"https:\/\/www.brazilianpress.com\/v1\/wp-json\/wp\/v2\/posts\/11589"}],"collection":[{"href":"https:\/\/www.brazilianpress.com\/v1\/wp-json\/wp\/v2\/posts"}],"about":[{"href":"https:\/\/www.brazilianpress.com\/v1\/wp-json\/wp\/v2\/types\/post"}],"author":[{"embeddable":true,"href":"https:\/\/www.brazilianpress.com\/v1\/wp-json\/wp\/v2\/users\/1"}],"replies":[{"embeddable":true,"href":"https:\/\/www.brazilianpress.com\/v1\/wp-json\/wp\/v2\/comments?post=11589"}],"version-history":[{"count":1,"href":"https:\/\/www.brazilianpress.com\/v1\/wp-json\/wp\/v2\/posts\/11589\/revisions"}],"predecessor-version":[{"id":11597,"href":"https:\/\/www.brazilianpress.com\/v1\/wp-json\/wp\/v2\/posts\/11589\/revisions\/11597"}],"wp:featuredmedia":[{"embeddable":true,"href":"https:\/\/www.brazilianpress.com\/v1\/wp-json\/wp\/v2\/media\/11590"}],"wp:attachment":[{"href":"https:\/\/www.brazilianpress.com\/v1\/wp-json\/wp\/v2\/media?parent=11589"}],"wp:term":[{"taxonomy":"category","embeddable":true,"href":"https:\/\/www.brazilianpress.com\/v1\/wp-json\/wp\/v2\/categories?post=11589"},{"taxonomy":"post_tag","embeddable":true,"href":"https:\/\/www.brazilianpress.com\/v1\/wp-json\/wp\/v2\/tags?post=11589"}],"curies":[{"name":"wp","href":"https:\/\/api.w.org\/{rel}","templated":true}]}}