{"id":1162,"date":"2013-06-20T10:41:26","date_gmt":"2013-06-20T14:41:26","guid":{"rendered":"http:\/\/www.brazilianpress.com\/v1\/?p=1162"},"modified":"2013-06-20T11:29:13","modified_gmt":"2013-06-20T15:29:13","slug":"bernard-desperta-interesse-do-porto-mas-destino-pode-ser-o-tottenham","status":"publish","type":"post","link":"https:\/\/www.brazilianpress.com\/v1\/2013\/06\/20\/bernard-desperta-interesse-do-porto-mas-destino-pode-ser-o-tottenham\/","title":{"rendered":"Bernard desperta interesse do Porto, mas destino pode ser o Tottenham"},"content":{"rendered":"<p>O meia-atacante Bernard, quem disputa a Copa das Confedera\u00e7\u00f5es pela sele\u00e7\u00e3o brasileira, segue aquecendo o mercado de transfer\u00eancia para a Europa. A jovem revela\u00e7\u00e3o do Atl\u00e9tico-MG despertou interesse do Porto, por\u00e9m, por outro lado, uma poss\u00edvel transfer\u00eancia para o Borussia Dortmund ficou mais distantes. O Tottenham deve retomar as negocia\u00e7\u00f5es pelo atleta ap\u00f3s competi\u00e7\u00e3o entre pa\u00edses.<!--more--><\/p>\n<p><img loading=\"lazy\" class=\"alignnone size-full wp-image-1163\" alt=\"bernard atletico\" src=\"http:\/\/www.brazilianpress.com\/v1\/wp-content\/uploads\/2013\/06\/bernard-atletico.jpg\" width=\"500\" height=\"244\" srcset=\"https:\/\/www.brazilianpress.com\/v1\/wp-content\/uploads\/2013\/06\/bernard-atletico.jpg 500w, https:\/\/www.brazilianpress.com\/v1\/wp-content\/uploads\/2013\/06\/bernard-atletico-300x146.jpg 300w\" sizes=\"(max-width: 500px) 100vw, 500px\" \/><\/p>\n<p>De acordo com o jornal alem\u00e3o <i>Kicker<\/i>, o Borussia Dortmund se assustou com o valor de 25 milh\u00f5es de euros pedidos pelo presidente do Atl\u00e9tico, Alexandre Kalil, e j\u00e1 procura um plano B para contratar para substituir G\u00f6tze. O nome da vez \u00e9 o dinamarqu\u00eas Christian Eriksen, do Ajax.<\/p>\n<p>Aos 21 anos, Eriksen est\u00e1 avaliado em cerca de 15 milh\u00f5es de euros, valor pr\u00f3ximo ao oferecido pelo Dortmund por Bernard. O clube alem\u00e3o estava disposto a pagar 16 milh\u00f5es de euros pela revela\u00e7\u00e3o brasileira, conforme revelou o <b>UOL Esporte<\/b>.<\/p>\n<p>\u201cEriksen est\u00e1 a caminho de se tornar um dos melhores jogadores da Europa. Al\u00e9m de sua agressividade, ele tem t\u00e9cnica apurada e \u00e9 considerado taticamente inteligente. Embora n\u00e3o seja t\u00e3o r\u00e1pido, pode ser usado em diferentes vari\u00e1veis do jogo ofensivo\u201d, descreveu o <i>Kicker<\/i>.<\/p>\n<p>Se o Borussia Dortmund se distanciou de Bernard, o Porto aparece como op\u00e7\u00e3o para tentar a contrata\u00e7\u00e3o da revela\u00e7\u00e3o atleticana. O clube portugu\u00eas j\u00e1 conversou com o presidente Alexandre Kalil sobre valores e estuda uma proposta.<\/p>\n<p>Por\u00e9m, o prov\u00e1vel destino de Bernard \u00e9 o Tottenham. O clube ingl\u00eas segue interessado no jovem atleta e promete voltar a negociar com o Atl\u00e9tico ao final da Copa das Confedera\u00e7\u00f5es. Os ingleses j\u00e1 observam o meia na competi\u00e7\u00e3o internacional disputada no Brasil.<\/p>\n<p>O Tottenham v\u00ea Bernard com as mesmas caracter\u00edsticas de Gareth Bale, que poder\u00e1 deixar a equipe inglesa no mercado de transfer\u00eancias. O t\u00e9cnico Andr\u00e9 Villas Boas \u00e9 o maior incentivador para a contrata\u00e7\u00e3o do jovem brasileiro e j\u00e1 conversou com o meia-atacante, que deseja atuar na Inglaterra.<\/p>\n<p>Ao jornal <i>O Jogo<\/i>, de Portugal, Bernard disse n\u00e3o poder comentar nada relacionado ao seu futuro. &#8220;Desculpe, mas n\u00e3o posso falar. Estou na sele\u00e7\u00e3o, mas recebi ordens do presidente do Atl\u00e9tico Mineiro para n\u00e3o falar sobre negocia\u00e7\u00f5es ou sobre not\u00edcias da minha transfer\u00eancia&#8221;, afirmou o jogador atleticano.<\/p>\n","protected":false},"excerpt":{"rendered":"<p>O meia-atacante Bernard, quem disputa a Copa das Confedera\u00e7\u00f5es pela sele\u00e7\u00e3o brasileira, segue aquecendo o mercado de transfer\u00eancia para a Europa. A jovem revela\u00e7\u00e3o do Atl\u00e9tico-MG despertou interesse do Porto, por\u00e9m, por outro lado, uma poss\u00edvel transfer\u00eancia para o Borussia Dortmund ficou mais distantes. O Tottenham deve retomar as negocia\u00e7\u00f5es pelo atleta ap\u00f3s competi\u00e7\u00e3o entre pa\u00edses.<\/p>\n","protected":false},"author":1,"featured_media":1163,"comment_status":"open","ping_status":"open","sticky":false,"template":"","format":"standard","meta":{"_links_to":"","_links_to_target":""},"categories":[9,1],"tags":[],"views":2525,"_links":{"self":[{"href":"https:\/\/www.brazilianpress.com\/v1\/wp-json\/wp\/v2\/posts\/1162"}],"collection":[{"href":"https:\/\/www.brazilianpress.com\/v1\/wp-json\/wp\/v2\/posts"}],"about":[{"href":"https:\/\/www.brazilianpress.com\/v1\/wp-json\/wp\/v2\/types\/post"}],"author":[{"embeddable":true,"href":"https:\/\/www.brazilianpress.com\/v1\/wp-json\/wp\/v2\/users\/1"}],"replies":[{"embeddable":true,"href":"https:\/\/www.brazilianpress.com\/v1\/wp-json\/wp\/v2\/comments?post=1162"}],"version-history":[{"count":2,"href":"https:\/\/www.brazilianpress.com\/v1\/wp-json\/wp\/v2\/posts\/1162\/revisions"}],"predecessor-version":[{"id":1233,"href":"https:\/\/www.brazilianpress.com\/v1\/wp-json\/wp\/v2\/posts\/1162\/revisions\/1233"}],"wp:featuredmedia":[{"embeddable":true,"href":"https:\/\/www.brazilianpress.com\/v1\/wp-json\/wp\/v2\/media\/1163"}],"wp:attachment":[{"href":"https:\/\/www.brazilianpress.com\/v1\/wp-json\/wp\/v2\/media?parent=1162"}],"wp:term":[{"taxonomy":"category","embeddable":true,"href":"https:\/\/www.brazilianpress.com\/v1\/wp-json\/wp\/v2\/categories?post=1162"},{"taxonomy":"post_tag","embeddable":true,"href":"https:\/\/www.brazilianpress.com\/v1\/wp-json\/wp\/v2\/tags?post=1162"}],"curies":[{"name":"wp","href":"https:\/\/api.w.org\/{rel}","templated":true}]}}