{"id":11718,"date":"2015-01-08T15:13:01","date_gmt":"2015-01-08T19:13:01","guid":{"rendered":"http:\/\/www.brazilianpress.com\/v1\/?p=11718"},"modified":"2015-01-08T15:13:01","modified_gmt":"2015-01-08T19:13:01","slug":"o-24o-new-york-jewish-film-festival-acontece-de-14-a-29-de-janeiro-no-lincoln-center","status":"publish","type":"post","link":"https:\/\/www.brazilianpress.com\/v1\/2015\/01\/08\/o-24o-new-york-jewish-film-festival-acontece-de-14-a-29-de-janeiro-no-lincoln-center\/","title":{"rendered":"O 24\u00ba New York Jewish Film Festival acontece de 14 a 29 de janeiro no Lincoln Center"},"content":{"rendered":"<p><img loading=\"lazy\" class=\"alignnone size-full wp-image-11719\" src=\"http:\/\/www.brazilianpress.com\/v1\/wp-content\/uploads\/2015\/01\/New-York-Jewish-Film-Festival.jpg\" alt=\"New York Jewish Film Festival\" width=\"500\" height=\"305\" srcset=\"https:\/\/www.brazilianpress.com\/v1\/wp-content\/uploads\/2015\/01\/New-York-Jewish-Film-Festival.jpg 500w, https:\/\/www.brazilianpress.com\/v1\/wp-content\/uploads\/2015\/01\/New-York-Jewish-Film-Festival-300x183.jpg 300w\" sizes=\"(max-width: 500px) 100vw, 500px\" \/><\/p>\n<p><strong><em>Junior Schutt <\/em><\/strong>&#8211; A organiza\u00e7\u00e3o Film Society of Lincoln Center em parceria com The Jewish Museum, abrigar\u00e1 o 24\u00ba New York Jewish Film Festival de 14 a 29 de janeiro, apresentando 47 longa-metragens, curtas, cl\u00e1ssicos, e atividades paralelas, como shows, foruns e mostras, abrangendo 11 pa\u00edses diferentes, oferecendo uma diversidade global da cultura judeu, e suas caracter\u00edsticas de acordo com a tradi\u00e7\u00e3o religiosa, fatos hist\u00f3ricos e tend\u00eancias modernas.<!--more--><\/p>\n<p>O Festival ser\u00e1 inaugurado na pr\u00f3xima quarta-feira, 14 de janeiro, com a exibi\u00e7\u00e3o de \u201cThe Muses of Isaac Bashevis Singer\u201d, retrato da vida rom\u00e2ntica do autor Bashevis, ganhador do Pr\u00eamio Nobel. O filme \u201cBirdcage\u201d de Mike Nichols ser\u00e1 exibido em noite especial, enquanto a com\u00e9dia \u201cFeliz and Meira\u201d e \u201cGett: The Trial of Viviane Amsalem\u201d (sele\u00e7\u00e3o oficial de Israel na disputa pelo Oscar) s\u00e3o citados como os favoritos do p\u00fablico. Titulos como \u201cAbove and Beyond\u201d produzido por Nancy Spielberg, \u201cThe Zionist Idea\u201d e \u201cLet\u2019s Go\u201d voltam o foco ao per\u00edodo tenebroso do Holocausto, recontando hist\u00f3rias incr\u00edveis e at\u00e9 milagrosas. Ingressos e programa\u00e7\u00e3o completa podem ser adquiridos pelo website <a href=\"http:\/\/www.filmlinc.com\">www.filmlinc.com<\/a> e diretores, profisisonais e integrantes de elenco estar\u00e3o presentes para discutirem seus projetos.<\/p>\n","protected":false},"excerpt":{"rendered":"<p>Junior Schutt &#8211; A organiza\u00e7\u00e3o Film Society of Lincoln Center em parceria com The Jewish Museum, abrigar\u00e1 o 24\u00ba New York Jewish Film Festival de 14 a 29 de janeiro, apresentando 47 longa-metragens, curtas, cl\u00e1ssicos, e atividades paralelas, como shows, foruns e mostras, abrangendo 11 pa\u00edses diferentes, oferecendo uma diversidade global da cultura judeu, e suas caracter\u00edsticas de acordo com a tradi\u00e7\u00e3o religiosa, fatos hist\u00f3ricos e tend\u00eancias modernas.<\/p>\n","protected":false},"author":1,"featured_media":11719,"comment_status":"open","ping_status":"open","sticky":false,"template":"","format":"standard","meta":{"_links_to":"","_links_to_target":""},"categories":[4,1],"tags":[],"views":2716,"_links":{"self":[{"href":"https:\/\/www.brazilianpress.com\/v1\/wp-json\/wp\/v2\/posts\/11718"}],"collection":[{"href":"https:\/\/www.brazilianpress.com\/v1\/wp-json\/wp\/v2\/posts"}],"about":[{"href":"https:\/\/www.brazilianpress.com\/v1\/wp-json\/wp\/v2\/types\/post"}],"author":[{"embeddable":true,"href":"https:\/\/www.brazilianpress.com\/v1\/wp-json\/wp\/v2\/users\/1"}],"replies":[{"embeddable":true,"href":"https:\/\/www.brazilianpress.com\/v1\/wp-json\/wp\/v2\/comments?post=11718"}],"version-history":[{"count":1,"href":"https:\/\/www.brazilianpress.com\/v1\/wp-json\/wp\/v2\/posts\/11718\/revisions"}],"predecessor-version":[{"id":11720,"href":"https:\/\/www.brazilianpress.com\/v1\/wp-json\/wp\/v2\/posts\/11718\/revisions\/11720"}],"wp:featuredmedia":[{"embeddable":true,"href":"https:\/\/www.brazilianpress.com\/v1\/wp-json\/wp\/v2\/media\/11719"}],"wp:attachment":[{"href":"https:\/\/www.brazilianpress.com\/v1\/wp-json\/wp\/v2\/media?parent=11718"}],"wp:term":[{"taxonomy":"category","embeddable":true,"href":"https:\/\/www.brazilianpress.com\/v1\/wp-json\/wp\/v2\/categories?post=11718"},{"taxonomy":"post_tag","embeddable":true,"href":"https:\/\/www.brazilianpress.com\/v1\/wp-json\/wp\/v2\/tags?post=11718"}],"curies":[{"name":"wp","href":"https:\/\/api.w.org\/{rel}","templated":true}]}}