{"id":11721,"date":"2015-01-08T15:17:45","date_gmt":"2015-01-08T19:17:45","guid":{"rendered":"http:\/\/www.brazilianpress.com\/v1\/?p=11721"},"modified":"2015-04-23T10:45:13","modified_gmt":"2015-04-23T14:45:13","slug":"fatos-fotos-by-rejes-salomao-08012015","status":"publish","type":"post","link":"https:\/\/www.brazilianpress.com\/v1\/2015\/01\/08\/fatos-fotos-by-rejes-salomao-08012015\/","title":{"rendered":"Fatos &#038; Fotos, by Rejes Salom\u00e3o . 08\/01\/2015"},"content":{"rendered":"<p><img loading=\"lazy\" class=\"alignnone size-full wp-image-11156\" src=\"http:\/\/www.brazilianpress.com\/v1\/wp-content\/uploads\/2014\/12\/fatos-fotos-rejes-salomao.jpg\" alt=\"fatos fotos rejes salomao\" width=\"500\" height=\"164\" srcset=\"https:\/\/www.brazilianpress.com\/v1\/wp-content\/uploads\/2014\/12\/fatos-fotos-rejes-salomao.jpg 500w, https:\/\/www.brazilianpress.com\/v1\/wp-content\/uploads\/2014\/12\/fatos-fotos-rejes-salomao-300x98.jpg 300w\" sizes=\"(max-width: 500px) 100vw, 500px\" \/><\/p>\n<p><strong><img loading=\"lazy\" class=\"alignnone size-full wp-image-11722\" src=\"http:\/\/www.brazilianpress.com\/v1\/wp-content\/uploads\/2015\/01\/coluna-rejes-ed1713-20150108-1.jpg\" alt=\"coluna rejes ed1713 20150108 (1)\" width=\"450\" height=\"338\" srcset=\"https:\/\/www.brazilianpress.com\/v1\/wp-content\/uploads\/2015\/01\/coluna-rejes-ed1713-20150108-1.jpg 450w, https:\/\/www.brazilianpress.com\/v1\/wp-content\/uploads\/2015\/01\/coluna-rejes-ed1713-20150108-1-300x225.jpg 300w\" sizes=\"(max-width: 450px) 100vw, 450px\" \/><br \/>\nThama Boldrini e Eduardo Galveas, ele economista que atua efetivamente nas bolsas de valores do Brasil, curtindo a noite da virada nas montanhas capixabas.<\/strong><\/p>\n<p><strong><img loading=\"lazy\" class=\"alignnone size-full wp-image-11723\" src=\"http:\/\/www.brazilianpress.com\/v1\/wp-content\/uploads\/2015\/01\/coluna-rejes-ed1713-20150108-2.jpg\" alt=\"coluna rejes ed1713 20150108 (2)\" width=\"450\" height=\"600\" srcset=\"https:\/\/www.brazilianpress.com\/v1\/wp-content\/uploads\/2015\/01\/coluna-rejes-ed1713-20150108-2.jpg 450w, https:\/\/www.brazilianpress.com\/v1\/wp-content\/uploads\/2015\/01\/coluna-rejes-ed1713-20150108-2-225x300.jpg 225w\" sizes=\"(max-width: 450px) 100vw, 450px\" \/><br \/>\nRejes Salom\u00e3o e Helena Galveas, ela administra com compet\u00eancia o hotel esconda floresta que e refer\u00eancia nas montanhas capixabas.<\/strong><!--more--><\/p>\n<p><strong><img loading=\"lazy\" class=\"alignnone size-full wp-image-11724\" src=\"http:\/\/www.brazilianpress.com\/v1\/wp-content\/uploads\/2015\/01\/coluna-rejes-ed1713-20150108-3.jpg\" alt=\"coluna rejes ed1713 20150108 (3)\" width=\"450\" height=\"600\" srcset=\"https:\/\/www.brazilianpress.com\/v1\/wp-content\/uploads\/2015\/01\/coluna-rejes-ed1713-20150108-3.jpg 450w, https:\/\/www.brazilianpress.com\/v1\/wp-content\/uploads\/2015\/01\/coluna-rejes-ed1713-20150108-3-225x300.jpg 225w\" sizes=\"(max-width: 450px) 100vw, 450px\" \/><br \/>\nJo\u00e3o Pedro Galveas e Patricia curtindo a virada do ano em grande estilo.<\/strong><\/p>\n<p><strong><img loading=\"lazy\" class=\"alignnone size-full wp-image-11725\" src=\"http:\/\/www.brazilianpress.com\/v1\/wp-content\/uploads\/2015\/01\/coluna-rejes-ed1713-20150108-4.jpg\" alt=\"coluna rejes ed1713 20150108 (4)\" width=\"450\" height=\"600\" srcset=\"https:\/\/www.brazilianpress.com\/v1\/wp-content\/uploads\/2015\/01\/coluna-rejes-ed1713-20150108-4.jpg 450w, https:\/\/www.brazilianpress.com\/v1\/wp-content\/uploads\/2015\/01\/coluna-rejes-ed1713-20150108-4-225x300.jpg 225w\" sizes=\"(max-width: 450px) 100vw, 450px\" \/><br \/>\nFabr\u00edcio e Jesimara Bettini, que residem em venda nova do imigrante e tamb\u00e9m eram presen\u00e7a marcante no reveillon do eco da floresta.<\/strong><\/p>\n<p><strong><img loading=\"lazy\" class=\"alignnone size-full wp-image-11726\" src=\"http:\/\/www.brazilianpress.com\/v1\/wp-content\/uploads\/2015\/01\/coluna-rejes-ed1713-20150108-5.jpg\" alt=\"coluna rejes ed1713 20150108 (5)\" width=\"450\" height=\"338\" srcset=\"https:\/\/www.brazilianpress.com\/v1\/wp-content\/uploads\/2015\/01\/coluna-rejes-ed1713-20150108-5.jpg 450w, https:\/\/www.brazilianpress.com\/v1\/wp-content\/uploads\/2015\/01\/coluna-rejes-ed1713-20150108-5-300x225.jpg 300w\" sizes=\"(max-width: 450px) 100vw, 450px\" \/><br \/>\nMarta e Roberto Galveas os anfitri\u00f5es do reveillon das montanhas no eco da floresta, a regi\u00e3o serrana do Esp\u00edrito Santo foi palco de um glamoroso reveillon regado a muita m\u00fasica gastronomia internacional e gente bonita!!! Viva 2015&#8230;<\/strong><\/p>\n","protected":false},"excerpt":{"rendered":"<p>Thama Boldrini e Eduardo Galveas, ele economista que atua efetivamente nas bolsas de valores do Brasil, curtindo a noite da virada nas montanhas capixabas. Rejes Salom\u00e3o e Helena Galveas, ela administra com compet\u00eancia o hotel esconda floresta que e refer\u00eancia nas montanhas capixabas.<\/p>\n","protected":false},"author":1,"featured_media":11722,"comment_status":"open","ping_status":"open","sticky":false,"template":"","format":"standard","meta":{"_links_to":"","_links_to_target":""},"categories":[4,19,1],"tags":[],"views":3620,"_links":{"self":[{"href":"https:\/\/www.brazilianpress.com\/v1\/wp-json\/wp\/v2\/posts\/11721"}],"collection":[{"href":"https:\/\/www.brazilianpress.com\/v1\/wp-json\/wp\/v2\/posts"}],"about":[{"href":"https:\/\/www.brazilianpress.com\/v1\/wp-json\/wp\/v2\/types\/post"}],"author":[{"embeddable":true,"href":"https:\/\/www.brazilianpress.com\/v1\/wp-json\/wp\/v2\/users\/1"}],"replies":[{"embeddable":true,"href":"https:\/\/www.brazilianpress.com\/v1\/wp-json\/wp\/v2\/comments?post=11721"}],"version-history":[{"count":1,"href":"https:\/\/www.brazilianpress.com\/v1\/wp-json\/wp\/v2\/posts\/11721\/revisions"}],"predecessor-version":[{"id":11727,"href":"https:\/\/www.brazilianpress.com\/v1\/wp-json\/wp\/v2\/posts\/11721\/revisions\/11727"}],"wp:featuredmedia":[{"embeddable":true,"href":"https:\/\/www.brazilianpress.com\/v1\/wp-json\/wp\/v2\/media\/11722"}],"wp:attachment":[{"href":"https:\/\/www.brazilianpress.com\/v1\/wp-json\/wp\/v2\/media?parent=11721"}],"wp:term":[{"taxonomy":"category","embeddable":true,"href":"https:\/\/www.brazilianpress.com\/v1\/wp-json\/wp\/v2\/categories?post=11721"},{"taxonomy":"post_tag","embeddable":true,"href":"https:\/\/www.brazilianpress.com\/v1\/wp-json\/wp\/v2\/tags?post=11721"}],"curies":[{"name":"wp","href":"https:\/\/api.w.org\/{rel}","templated":true}]}}