{"id":1177,"date":"2013-06-20T10:48:15","date_gmt":"2013-06-20T14:48:15","guid":{"rendered":"http:\/\/www.brazilianpress.com\/v1\/?p=1177"},"modified":"2013-06-20T11:02:22","modified_gmt":"2013-06-20T15:02:22","slug":"afeganistao-suspende-negociacoes-com-eua-e-taleban","status":"publish","type":"post","link":"https:\/\/www.brazilianpress.com\/v1\/2013\/06\/20\/afeganistao-suspende-negociacoes-com-eua-e-taleban\/","title":{"rendered":"Afeganist\u00e3o suspende negocia\u00e7\u00f5es com EUA e Taleban"},"content":{"rendered":"<p>Menos de um dia depois que o Taleban abriu seu escrit\u00f3rio para negocia\u00e7\u00f5es de paz em Doha, no Catar, o governo do\u00a0Afeganist\u00e3o\u00a0\u00a0suspendeu na quarta-feira (19) o di\u00e1logo com o grupo militante e tamb\u00e9m descartou reunir-se com os EUA para falar sobre futura coopera\u00e7\u00e3o militar ap\u00f3s a\u00a0retirada das tropas estrangeiras em 2014\u00a0.\u00a0<!--more--><\/p>\n<p><img loading=\"lazy\" class=\"alignnone size-full wp-image-1168\" alt=\"afeganistao\" src=\"http:\/\/www.brazilianpress.com\/v1\/wp-content\/uploads\/2013\/06\/afeganistao.jpg\" width=\"500\" height=\"313\" srcset=\"https:\/\/www.brazilianpress.com\/v1\/wp-content\/uploads\/2013\/06\/afeganistao.jpg 500w, https:\/\/www.brazilianpress.com\/v1\/wp-content\/uploads\/2013\/06\/afeganistao-300x187.jpg 300w\" sizes=\"(max-width: 500px) 100vw, 500px\" \/><\/p>\n<p>Em um comunicado, o presidente Hamid Karzai suspendeu as negocia\u00e7\u00f5es bilaterais com os EUA sobre assuntos de seguran\u00e7a, expressando sua\u00a0ira\u00a0sobre a forma com a qual os americanos negociaram a abertura do escrit\u00f3rio do Taleban.<\/p>\n<p>Em um an\u00fancio separado, emitido horas depois, o governo afeg\u00e3o prorrogou indefinidamente quaisquer encontros com o Taleban no Catar, dizendo que n\u00e3o se encontraria com seus representantes a menos que os insurgentes reduzissem o n\u00edvel de import\u00e2ncia do escrit\u00f3rio.<\/p>\n<p>Quando o Taleban abriu o escrit\u00f3rio na noite de ter\u00e7a-feira, os militantes descreveram o local como um gabinete pol\u00edtico, e colocaram um cartaz com o nome &#8220;Emirado Isl\u00e2mico do Afeganist\u00e3o&#8221;, o mesmo que usavam quando estavam no poder, dando a impress\u00e3o de que o escrit\u00f3rio se trata de um governo no ex\u00edlio.<\/p>\n<p>Obama afirmou que &#8220;fric\u00e7\u00f5es&#8221; s\u00e3o sempre esperadas quando se trata das negocia\u00e7\u00f5es de paz com o Afeganist\u00e3o. &#8220;Minha esperan\u00e7a \u00e9 que, apesar dos desafios, o processo continue&#8221;, disse, durante visita oficial a Berlim nesta quarta-feira (19).<\/p>\n<p>O porta-voz de Karzai acrescentou que o presidente discordou com o nome dado ao novo escrit\u00f3rio do Taleban inaugurado na ter\u00e7a-feira em Doha. &#8220;Nos opomos ao nome: &#8216;Emirado Isl\u00e2mico do Afeganist\u00e3o&#8217;, porque isso n\u00e3o existe&#8221;, disse Faizi. &#8220;Os EUA estavam cientes da posi\u00e7\u00e3o do presidente.&#8221;<\/p>\n<p>A suspens\u00e3o das negocia\u00e7\u00f5es ocorre um dia depois que a\u00a0Otan transferiu a responsabilidade pela seguran\u00e7a\u00a0de todo o pa\u00eds ao governo afeg\u00e3o pela primeira vez desde a queda do Taleban do poder em 2001.<\/p>\n<p>Autoridades dos EUA afirmaram nesta ter\u00e7a-feira que era esperado que o primeiro encontro formal entre os EUA e os representantes do Taleban ocorresse em Doha na quinta-feira (20).<\/p>\n<p>No passado, o Taleban sempre se recusou em se encontrar com o presidente Karzai ou representantes de seu governo, caracterizando-os como marionetes dos EUA. Karzai expressou irrita\u00e7\u00e3o em rela\u00e7\u00e3o aos esfor\u00e7os dos EUA e do Catar em dar in\u00edcio ao processo de paz sem consultar seu governo devidamente.<\/p>\n<p>Mais cedo, tamb\u00e9m nesta quarta-feira, quatro militares dos EUA morreram em um ataque contra a Base A\u00e9rea de Bagram. Um porta-voz do Taleban disse que os militantes lan\u00e7aram dois foguetes contra a base.<\/p>\n<p>O ataque ocorreu horas depois de os EUA anunciar que daria in\u00edcio a conversas diretas com o Taleban no escrit\u00f3rio do grupo militante aberto na capital do Catar, Doha. Uma condi\u00e7\u00e3o para o di\u00e1logo era que o grupo militante renunciasse \u00e0 viol\u00eancia. Entretanto, o presidente Barack Obama n\u00e3o incluiu um cessar-fogo nas negocia\u00e7\u00f5es preliminares.<\/p>\n","protected":false},"excerpt":{"rendered":"<p>Menos de um dia depois que o Taleban abriu seu escrit\u00f3rio para negocia\u00e7\u00f5es de paz em Doha, no Catar, o governo do\u00a0Afeganist\u00e3o\u00a0\u00a0suspendeu na quarta-feira (19) o di\u00e1logo com o grupo militante e tamb\u00e9m descartou reunir-se com os EUA para falar sobre futura coopera\u00e7\u00e3o militar ap\u00f3s a\u00a0retirada das tropas estrangeiras em 2014\u00a0.\u00a0<\/p>\n","protected":false},"author":1,"featured_media":1168,"comment_status":"open","ping_status":"open","sticky":false,"template":"","format":"standard","meta":{"_links_to":"","_links_to_target":""},"categories":[8,1],"tags":[],"views":2211,"_links":{"self":[{"href":"https:\/\/www.brazilianpress.com\/v1\/wp-json\/wp\/v2\/posts\/1177"}],"collection":[{"href":"https:\/\/www.brazilianpress.com\/v1\/wp-json\/wp\/v2\/posts"}],"about":[{"href":"https:\/\/www.brazilianpress.com\/v1\/wp-json\/wp\/v2\/types\/post"}],"author":[{"embeddable":true,"href":"https:\/\/www.brazilianpress.com\/v1\/wp-json\/wp\/v2\/users\/1"}],"replies":[{"embeddable":true,"href":"https:\/\/www.brazilianpress.com\/v1\/wp-json\/wp\/v2\/comments?post=1177"}],"version-history":[{"count":2,"href":"https:\/\/www.brazilianpress.com\/v1\/wp-json\/wp\/v2\/posts\/1177\/revisions"}],"predecessor-version":[{"id":1194,"href":"https:\/\/www.brazilianpress.com\/v1\/wp-json\/wp\/v2\/posts\/1177\/revisions\/1194"}],"wp:featuredmedia":[{"embeddable":true,"href":"https:\/\/www.brazilianpress.com\/v1\/wp-json\/wp\/v2\/media\/1168"}],"wp:attachment":[{"href":"https:\/\/www.brazilianpress.com\/v1\/wp-json\/wp\/v2\/media?parent=1177"}],"wp:term":[{"taxonomy":"category","embeddable":true,"href":"https:\/\/www.brazilianpress.com\/v1\/wp-json\/wp\/v2\/categories?post=1177"},{"taxonomy":"post_tag","embeddable":true,"href":"https:\/\/www.brazilianpress.com\/v1\/wp-json\/wp\/v2\/tags?post=1177"}],"curies":[{"name":"wp","href":"https:\/\/api.w.org\/{rel}","templated":true}]}}