{"id":1181,"date":"2013-06-20T10:56:47","date_gmt":"2013-06-20T14:56:47","guid":{"rendered":"http:\/\/www.brazilianpress.com\/v1\/?p=1181"},"modified":"2013-06-20T10:56:47","modified_gmt":"2013-06-20T14:56:47","slug":"dilma-rousseff-foi-vaiada-na-abertura-da-copa-das-confederacoes","status":"publish","type":"post","link":"https:\/\/www.brazilianpress.com\/v1\/2013\/06\/20\/dilma-rousseff-foi-vaiada-na-abertura-da-copa-das-confederacoes\/","title":{"rendered":"Dilma Rousseff foi vaiada na abertura da Copa das Confedera\u00e7\u00f5es"},"content":{"rendered":"<p><em>Por Juliana Guimar\u00e3es<\/em><\/p>\n<p>A presidente do Brasil Dilma Rousseff foi vaiada na abertura da Copa das Confedera\u00e7\u00f5es\u00a0que aconteceu no s\u00e1bado (15\/05), antes do jogo entre Brasil e Jap\u00e3o, no Est\u00e1dio Nacional de Bras\u00edlia (Man\u00e9 Garrincha).<!--more--><\/p>\n<p><img loading=\"lazy\" class=\"alignnone size-full wp-image-1182\" alt=\"dilma fifa\" src=\"http:\/\/www.brazilianpress.com\/v1\/wp-content\/uploads\/2013\/06\/dilma-fifa.jpg\" width=\"500\" height=\"296\" srcset=\"https:\/\/www.brazilianpress.com\/v1\/wp-content\/uploads\/2013\/06\/dilma-fifa.jpg 500w, https:\/\/www.brazilianpress.com\/v1\/wp-content\/uploads\/2013\/06\/dilma-fifa-300x177.jpg 300w\" sizes=\"(max-width: 500px) 100vw, 500px\" \/><\/p>\n<p>O \u00a0fato aconteceu quando diante das vaias, o presidente da Fifa, Joseph Blatter, que estava ao lado de Dilma no palanque do est\u00e1dio fez um pronunciamento oficial e\u00a0 pediu educa\u00e7\u00e3o aos torcedores. &#8220;Amigos do futebol brasileiro, onde est\u00e1 o respeito, por favor?&#8221;, disse o dirigente su\u00ed\u00e7o, aumentando o constrangimento do momento.<\/p>\n<p>A \u00a0presidente fez um breve pronunciamento no palanque, declarando aberta oficialmente a competi\u00e7\u00e3o, recebeu muitas vaias de grande parte do parte do p\u00fablico que lotou a arena na capital federal.<\/p>\n","protected":false},"excerpt":{"rendered":"<p>Por Juliana Guimar\u00e3es A presidente do Brasil Dilma Rousseff foi vaiada na abertura da Copa das Confedera\u00e7\u00f5es\u00a0que aconteceu no s\u00e1bado (15\/05), antes do jogo entre Brasil e Jap\u00e3o, no Est\u00e1dio Nacional de Bras\u00edlia (Man\u00e9 Garrincha).<\/p>\n","protected":false},"author":1,"featured_media":1182,"comment_status":"open","ping_status":"open","sticky":false,"template":"","format":"standard","meta":{"_links_to":"","_links_to_target":""},"categories":[7,1],"tags":[],"views":2892,"_links":{"self":[{"href":"https:\/\/www.brazilianpress.com\/v1\/wp-json\/wp\/v2\/posts\/1181"}],"collection":[{"href":"https:\/\/www.brazilianpress.com\/v1\/wp-json\/wp\/v2\/posts"}],"about":[{"href":"https:\/\/www.brazilianpress.com\/v1\/wp-json\/wp\/v2\/types\/post"}],"author":[{"embeddable":true,"href":"https:\/\/www.brazilianpress.com\/v1\/wp-json\/wp\/v2\/users\/1"}],"replies":[{"embeddable":true,"href":"https:\/\/www.brazilianpress.com\/v1\/wp-json\/wp\/v2\/comments?post=1181"}],"version-history":[{"count":1,"href":"https:\/\/www.brazilianpress.com\/v1\/wp-json\/wp\/v2\/posts\/1181\/revisions"}],"predecessor-version":[{"id":1184,"href":"https:\/\/www.brazilianpress.com\/v1\/wp-json\/wp\/v2\/posts\/1181\/revisions\/1184"}],"wp:featuredmedia":[{"embeddable":true,"href":"https:\/\/www.brazilianpress.com\/v1\/wp-json\/wp\/v2\/media\/1182"}],"wp:attachment":[{"href":"https:\/\/www.brazilianpress.com\/v1\/wp-json\/wp\/v2\/media?parent=1181"}],"wp:term":[{"taxonomy":"category","embeddable":true,"href":"https:\/\/www.brazilianpress.com\/v1\/wp-json\/wp\/v2\/categories?post=1181"},{"taxonomy":"post_tag","embeddable":true,"href":"https:\/\/www.brazilianpress.com\/v1\/wp-json\/wp\/v2\/tags?post=1181"}],"curies":[{"name":"wp","href":"https:\/\/api.w.org\/{rel}","templated":true}]}}