{"id":11835,"date":"2015-01-15T04:33:40","date_gmt":"2015-01-15T08:33:40","guid":{"rendered":"http:\/\/www.brazilianpress.com\/v1\/?p=11835"},"modified":"2015-04-23T10:45:13","modified_gmt":"2015-04-23T14:45:13","slug":"fatos-fotos-by-rejes-salomao-15012015","status":"publish","type":"post","link":"https:\/\/www.brazilianpress.com\/v1\/2015\/01\/15\/fatos-fotos-by-rejes-salomao-15012015\/","title":{"rendered":"Fatos &#038; Fotos, by Rejes Salom\u00e3o . 15\/01\/2015"},"content":{"rendered":"<p><img loading=\"lazy\" class=\"alignnone size-full wp-image-11156\" src=\"http:\/\/www.brazilianpress.com\/v1\/wp-content\/uploads\/2014\/12\/fatos-fotos-rejes-salomao.jpg\" alt=\"fatos fotos rejes salomao\" width=\"500\" height=\"164\" srcset=\"https:\/\/www.brazilianpress.com\/v1\/wp-content\/uploads\/2014\/12\/fatos-fotos-rejes-salomao.jpg 500w, https:\/\/www.brazilianpress.com\/v1\/wp-content\/uploads\/2014\/12\/fatos-fotos-rejes-salomao-300x98.jpg 300w\" sizes=\"(max-width: 500px) 100vw, 500px\" \/><\/p>\n<p><strong><em><img loading=\"lazy\" class=\"alignnone size-full wp-image-11836\" src=\"http:\/\/www.brazilianpress.com\/v1\/wp-content\/uploads\/2015\/01\/rejes-ed1714-20150115-1.jpg\" alt=\"rejes ed1714 20150115 (1)\" width=\"450\" height=\"600\" srcset=\"https:\/\/www.brazilianpress.com\/v1\/wp-content\/uploads\/2015\/01\/rejes-ed1714-20150115-1.jpg 450w, https:\/\/www.brazilianpress.com\/v1\/wp-content\/uploads\/2015\/01\/rejes-ed1714-20150115-1-225x300.jpg 225w\" sizes=\"(max-width: 450px) 100vw, 450px\" \/><br \/>\nEm close especial para a coluna, megaempres\u00e1rio das pedras preciosas Em\u00edlio Froes, que participa mais um ano da feira de Tucson no estado do Arizona nem fevereiro.<\/em><\/strong><\/p>\n<p><strong><em><img loading=\"lazy\" class=\"alignnone size-full wp-image-11837\" src=\"http:\/\/www.brazilianpress.com\/v1\/wp-content\/uploads\/2015\/01\/rejes-ed1714-20150115-2.jpg\" alt=\"rejes ed1714 20150115 (2)\" width=\"450\" height=\"600\" srcset=\"https:\/\/www.brazilianpress.com\/v1\/wp-content\/uploads\/2015\/01\/rejes-ed1714-20150115-2.jpg 450w, https:\/\/www.brazilianpress.com\/v1\/wp-content\/uploads\/2015\/01\/rejes-ed1714-20150115-2-225x300.jpg 225w\" sizes=\"(max-width: 450px) 100vw, 450px\" \/><br \/>\nClose especial a baiana Claudia Leite, que promete atrasar neste Carnaval 2015.<\/em><\/strong><!--more--><\/p>\n<p><strong><em><img loading=\"lazy\" class=\"alignnone size-full wp-image-11838\" src=\"http:\/\/www.brazilianpress.com\/v1\/wp-content\/uploads\/2015\/01\/rejes-ed1714-20150115-3.jpg\" alt=\"rejes ed1714 20150115 (3)\" width=\"450\" height=\"338\" srcset=\"https:\/\/www.brazilianpress.com\/v1\/wp-content\/uploads\/2015\/01\/rejes-ed1714-20150115-3.jpg 450w, https:\/\/www.brazilianpress.com\/v1\/wp-content\/uploads\/2015\/01\/rejes-ed1714-20150115-3-300x225.jpg 300w\" sizes=\"(max-width: 450px) 100vw, 450px\" \/><br \/>\nGerry Ven\u00e2ncio, pantaneiro e Eliane Rocha, capixaba , casal que entra para o roll dos casados em maio. As bodas ser\u00e3o para os \u00edntimos em fazenda pr\u00f3ximo a Valadares !! Felicidades ao casal.<\/em><\/strong><\/p>\n<p><strong><em><img loading=\"lazy\" class=\"alignnone size-full wp-image-11839\" src=\"http:\/\/www.brazilianpress.com\/v1\/wp-content\/uploads\/2015\/01\/rejes-ed1714-20150115-4.jpg\" alt=\"rejes ed1714 20150115 (4)\" width=\"450\" height=\"450\" srcset=\"https:\/\/www.brazilianpress.com\/v1\/wp-content\/uploads\/2015\/01\/rejes-ed1714-20150115-4.jpg 450w, https:\/\/www.brazilianpress.com\/v1\/wp-content\/uploads\/2015\/01\/rejes-ed1714-20150115-4-150x150.jpg 150w, https:\/\/www.brazilianpress.com\/v1\/wp-content\/uploads\/2015\/01\/rejes-ed1714-20150115-4-300x300.jpg 300w\" sizes=\"(max-width: 450px) 100vw, 450px\" \/><br \/>\nSorriso inconfund\u00edvel da bela Sandra Leonard, que passa temporada no Brasil em fevereiro!! Seja bem-vinda amiga.<\/em><\/strong><\/p>\n<p><strong><em><img loading=\"lazy\" class=\"alignnone size-full wp-image-11840\" src=\"http:\/\/www.brazilianpress.com\/v1\/wp-content\/uploads\/2015\/01\/rejes-ed1714-20150115-5.jpg\" alt=\"rejes ed1714 20150115 (5)\" width=\"450\" height=\"450\" srcset=\"https:\/\/www.brazilianpress.com\/v1\/wp-content\/uploads\/2015\/01\/rejes-ed1714-20150115-5.jpg 450w, https:\/\/www.brazilianpress.com\/v1\/wp-content\/uploads\/2015\/01\/rejes-ed1714-20150115-5-150x150.jpg 150w, https:\/\/www.brazilianpress.com\/v1\/wp-content\/uploads\/2015\/01\/rejes-ed1714-20150115-5-300x300.jpg 300w\" sizes=\"(max-width: 450px) 100vw, 450px\" \/><br \/>\nA bela Rose Rabah, em temporada de inverno em Paris, a bela loira sabe viver a vida .<\/em><\/strong><\/p>\n<p><strong><em><img loading=\"lazy\" class=\"alignnone size-full wp-image-11841\" src=\"http:\/\/www.brazilianpress.com\/v1\/wp-content\/uploads\/2015\/01\/rejes-ed1714-20150115-6.jpg\" alt=\"rejes ed1714 20150115 (6)\" width=\"450\" height=\"676\" srcset=\"https:\/\/www.brazilianpress.com\/v1\/wp-content\/uploads\/2015\/01\/rejes-ed1714-20150115-6.jpg 450w, https:\/\/www.brazilianpress.com\/v1\/wp-content\/uploads\/2015\/01\/rejes-ed1714-20150115-6-199x300.jpg 199w\" sizes=\"(max-width: 450px) 100vw, 450px\" \/><br \/>\nMarcela e Maciel Rodrigues, o casal est\u00e1 afivelando as malas com destino ao Brasil depois de uma d\u00e9cada na Am\u00e9rica. Sejam bem-vindos \u00e0s terras tupiniquins!! Sou f\u00e3 desse casal.<\/em><\/strong><\/p>\n<p><strong><em><img loading=\"lazy\" class=\"alignnone size-full wp-image-11842\" src=\"http:\/\/www.brazilianpress.com\/v1\/wp-content\/uploads\/2015\/01\/rejes-ed1714-20150115-7.jpg\" alt=\"rejes ed1714 20150115 (7)\" width=\"450\" height=\"450\" srcset=\"https:\/\/www.brazilianpress.com\/v1\/wp-content\/uploads\/2015\/01\/rejes-ed1714-20150115-7.jpg 450w, https:\/\/www.brazilianpress.com\/v1\/wp-content\/uploads\/2015\/01\/rejes-ed1714-20150115-7-150x150.jpg 150w, https:\/\/www.brazilianpress.com\/v1\/wp-content\/uploads\/2015\/01\/rejes-ed1714-20150115-7-300x300.jpg 300w\" sizes=\"(max-width: 450px) 100vw, 450px\" \/><br \/>\nDaniela Cuattrin e Alejandro, pararicando a filhota Isadora. Ele \u00e9 um conceituado advogado militante na \u00e1rea c\u00edvel competente e atual.<\/em><\/strong><\/p>\n","protected":false},"excerpt":{"rendered":"<p>Em close especial para a coluna, megaempres\u00e1rio das pedras preciosas Em\u00edlio Froes, que participa mais um ano da feira de Tucson no estado do Arizona nem fevereiro. Close especial a baiana Claudia Leite, que promete atrasar neste Carnaval 2015.<\/p>\n","protected":false},"author":1,"featured_media":11836,"comment_status":"open","ping_status":"open","sticky":false,"template":"","format":"standard","meta":{"_links_to":"","_links_to_target":""},"categories":[4,19,1],"tags":[],"views":7802,"_links":{"self":[{"href":"https:\/\/www.brazilianpress.com\/v1\/wp-json\/wp\/v2\/posts\/11835"}],"collection":[{"href":"https:\/\/www.brazilianpress.com\/v1\/wp-json\/wp\/v2\/posts"}],"about":[{"href":"https:\/\/www.brazilianpress.com\/v1\/wp-json\/wp\/v2\/types\/post"}],"author":[{"embeddable":true,"href":"https:\/\/www.brazilianpress.com\/v1\/wp-json\/wp\/v2\/users\/1"}],"replies":[{"embeddable":true,"href":"https:\/\/www.brazilianpress.com\/v1\/wp-json\/wp\/v2\/comments?post=11835"}],"version-history":[{"count":1,"href":"https:\/\/www.brazilianpress.com\/v1\/wp-json\/wp\/v2\/posts\/11835\/revisions"}],"predecessor-version":[{"id":11843,"href":"https:\/\/www.brazilianpress.com\/v1\/wp-json\/wp\/v2\/posts\/11835\/revisions\/11843"}],"wp:featuredmedia":[{"embeddable":true,"href":"https:\/\/www.brazilianpress.com\/v1\/wp-json\/wp\/v2\/media\/11836"}],"wp:attachment":[{"href":"https:\/\/www.brazilianpress.com\/v1\/wp-json\/wp\/v2\/media?parent=11835"}],"wp:term":[{"taxonomy":"category","embeddable":true,"href":"https:\/\/www.brazilianpress.com\/v1\/wp-json\/wp\/v2\/categories?post=11835"},{"taxonomy":"post_tag","embeddable":true,"href":"https:\/\/www.brazilianpress.com\/v1\/wp-json\/wp\/v2\/tags?post=11835"}],"curies":[{"name":"wp","href":"https:\/\/api.w.org\/{rel}","templated":true}]}}