{"id":11844,"date":"2015-01-15T04:35:06","date_gmt":"2015-01-15T08:35:06","guid":{"rendered":"http:\/\/www.brazilianpress.com\/v1\/?p=11844"},"modified":"2015-01-15T04:35:06","modified_gmt":"2015-01-15T08:35:06","slug":"cientistas-atestam-que-nossa-alma-pode-deixar-o-corpo-e-observa-lo","status":"publish","type":"post","link":"https:\/\/www.brazilianpress.com\/v1\/2015\/01\/15\/cientistas-atestam-que-nossa-alma-pode-deixar-o-corpo-e-observa-lo\/","title":{"rendered":"Cientistas atestam que nossa alma pode deixar o corpo e observ\u00e1-lo"},"content":{"rendered":"<p><img loading=\"lazy\" class=\"alignnone size-full wp-image-11845\" src=\"http:\/\/www.brazilianpress.com\/v1\/wp-content\/uploads\/2015\/01\/cientistas.jpg\" alt=\"cientistas\" width=\"500\" height=\"334\" srcset=\"https:\/\/www.brazilianpress.com\/v1\/wp-content\/uploads\/2015\/01\/cientistas.jpg 500w, https:\/\/www.brazilianpress.com\/v1\/wp-content\/uploads\/2015\/01\/cientistas-300x200.jpg 300w\" sizes=\"(max-width: 500px) 100vw, 500px\" \/><\/p>\n<p>Cientistas e pesquisadores holandeses publicaram estudo no qual revelam que nossas almas podem abandonar nossos corpos e observ\u00e1-los. Foram mais de 70 casos estudados com pessoas que relataram experi\u00eancias durante o per\u00edodo em que estiveram clinicamente mortas.<\/p>\n<p>O caso mais impressionante relatado pela pesquisa \u00e9 de um paciente clinicamente morto por 20 minutos durante uma cirurgia card\u00edaca. Se sua volta \u00e0 vida surpreendeu m\u00e9dicos, estes ficaram ainda mais perplexos quando ele descreveu que \u201csaiu de seu corpo\u201d e soube indicar precisamente a posi\u00e7\u00e3o em que cada um dos m\u00e9dicos durante o per\u00edodo em que estava morto, al\u00e9m de fatos relevantes que aconteceram na sala.<!--more--><\/p>\n<p>Foram tr\u00eas os m\u00e9dicos respons\u00e1veis pelos estudos. Titus Rivas, Anny Adrien e Rudolf Smit publicaram um livro \u2014 que at\u00e9 o momento est\u00e1 dispon\u00edvel apenas em holand\u00eas \u2014 chamado \u201cWat een stervend brein niet kan\u201d, que na tradu\u00e7\u00e3o literal seria intitulado \u201cO que um c\u00e9rebro morrendo \u00e9 capaz de fazer\u201d. Nele, explicam o caso e concluem que diante das evid\u00eancias \u00e9 imposs\u00edvel negar a aus\u00eancia do paciente de seu corpo durante a morte cl\u00ednica.<\/p>\n<p>A ideia, por\u00e9m, ainda n\u00e3o \u00e9 bem aceita na comunidade cient\u00edfica. Para muitos, o n\u00famero de casos \u00e9 reduzido e n\u00e3o h\u00e1 comprova\u00e7\u00e3o evidente de que as almas dos pacientes estiveram fora de seus corpos. Nesses casos, os cientistas mais c\u00e9ticos n\u00e3o levam em considera\u00e7\u00e3o os depoimentos de pacientes sobre as situa\u00e7\u00f5es que vivenciaram.<\/p>\n","protected":false},"excerpt":{"rendered":"<p>Cientistas e pesquisadores holandeses publicaram estudo no qual revelam que nossas almas podem abandonar nossos corpos e observ\u00e1-los. Foram mais de 70 casos estudados com pessoas que relataram experi\u00eancias durante o per\u00edodo em que estiveram clinicamente mortas. O caso mais impressionante relatado pela pesquisa \u00e9 de um paciente clinicamente morto por 20 minutos durante uma cirurgia card\u00edaca. Se sua volta \u00e0 vida surpreendeu m\u00e9dicos, estes ficaram ainda mais perplexos quando ele descreveu que \u201csaiu de seu corpo\u201d e soube indicar precisamente a posi\u00e7\u00e3o em que cada um dos m\u00e9dicos durante o per\u00edodo em que estava morto, al\u00e9m de fatos relevantes [&hellip;]<\/p>\n","protected":false},"author":1,"featured_media":11845,"comment_status":"open","ping_status":"open","sticky":false,"template":"","format":"standard","meta":{"_links_to":"","_links_to_target":""},"categories":[4,1],"tags":[],"views":2756,"_links":{"self":[{"href":"https:\/\/www.brazilianpress.com\/v1\/wp-json\/wp\/v2\/posts\/11844"}],"collection":[{"href":"https:\/\/www.brazilianpress.com\/v1\/wp-json\/wp\/v2\/posts"}],"about":[{"href":"https:\/\/www.brazilianpress.com\/v1\/wp-json\/wp\/v2\/types\/post"}],"author":[{"embeddable":true,"href":"https:\/\/www.brazilianpress.com\/v1\/wp-json\/wp\/v2\/users\/1"}],"replies":[{"embeddable":true,"href":"https:\/\/www.brazilianpress.com\/v1\/wp-json\/wp\/v2\/comments?post=11844"}],"version-history":[{"count":1,"href":"https:\/\/www.brazilianpress.com\/v1\/wp-json\/wp\/v2\/posts\/11844\/revisions"}],"predecessor-version":[{"id":11846,"href":"https:\/\/www.brazilianpress.com\/v1\/wp-json\/wp\/v2\/posts\/11844\/revisions\/11846"}],"wp:featuredmedia":[{"embeddable":true,"href":"https:\/\/www.brazilianpress.com\/v1\/wp-json\/wp\/v2\/media\/11845"}],"wp:attachment":[{"href":"https:\/\/www.brazilianpress.com\/v1\/wp-json\/wp\/v2\/media?parent=11844"}],"wp:term":[{"taxonomy":"category","embeddable":true,"href":"https:\/\/www.brazilianpress.com\/v1\/wp-json\/wp\/v2\/categories?post=11844"},{"taxonomy":"post_tag","embeddable":true,"href":"https:\/\/www.brazilianpress.com\/v1\/wp-json\/wp\/v2\/tags?post=11844"}],"curies":[{"name":"wp","href":"https:\/\/api.w.org\/{rel}","templated":true}]}}