{"id":11847,"date":"2015-01-15T04:37:07","date_gmt":"2015-01-15T08:37:07","guid":{"rendered":"http:\/\/www.brazilianpress.com\/v1\/?p=11847"},"modified":"2015-01-15T04:37:07","modified_gmt":"2015-01-15T08:37:07","slug":"inauguracao-lili-hair-design-salon-unisex","status":"publish","type":"post","link":"https:\/\/www.brazilianpress.com\/v1\/2015\/01\/15\/inauguracao-lili-hair-design-salon-unisex\/","title":{"rendered":"Inaugura\u00e7\u00e3o Lili Hair Design Salon Unisex"},"content":{"rendered":"<p><img loading=\"lazy\" class=\"alignnone size-full wp-image-11848\" src=\"http:\/\/www.brazilianpress.com\/v1\/wp-content\/uploads\/2015\/01\/lili-hair-1.jpg\" alt=\"lili hair (1)\" width=\"500\" height=\"332\" srcset=\"https:\/\/www.brazilianpress.com\/v1\/wp-content\/uploads\/2015\/01\/lili-hair-1.jpg 500w, https:\/\/www.brazilianpress.com\/v1\/wp-content\/uploads\/2015\/01\/lili-hair-1-300x199.jpg 300w\" sizes=\"(max-width: 500px) 100vw, 500px\" \/><\/p>\n<p>Marlete Farias, ou simplesmente Lili, como \u00e9 conhecida por todos, acaba de inaugurar o Lili Hair Design Salon Unisex. Muitos amigos compareceram ao coquetel oferecido por ela neste s\u00e1bado para celebrar o acontecimento. O Vereador John Sharpe James presidiu a cerim\u00f4nia de corte da fita simb\u00f3lica de inaugura\u00e7\u00e3o, junto \u00e0 propriet\u00e1ria e demais amigos que fazem parte de sua hist\u00f3ria.<!--more--><\/p>\n<p><img loading=\"lazy\" class=\"alignnone size-full wp-image-11849\" src=\"http:\/\/www.brazilianpress.com\/v1\/wp-content\/uploads\/2015\/01\/lili-hair-2.jpg\" alt=\"lili hair (2)\" width=\"500\" height=\"357\" srcset=\"https:\/\/www.brazilianpress.com\/v1\/wp-content\/uploads\/2015\/01\/lili-hair-2.jpg 500w, https:\/\/www.brazilianpress.com\/v1\/wp-content\/uploads\/2015\/01\/lili-hair-2-300x214.jpg 300w\" sizes=\"(max-width: 500px) 100vw, 500px\" \/><\/p>\n<p>Nada como um brinde para celebrar o sucesso em uma profiss\u00e3o que ja se estende por tres d\u00e9cadas. A Lili, propriet\u00e1ria do Lili Hair Design Salon, se estabeleceu como cabeleireira nesta cidade em 1995 (Golden Touch salon) e a cada dia vem conquistando novos clientes. Para ela que era atleta no Brasil, correndo oficialmente pelo Fluminsense, veio para a Am\u00e9rica como participante de uma maratona de mulheres e nem sonhava com tanto sucesso e alegrias com seu talento como cabeleireira. Ela me disse que n\u00e3o tem clientes, &#8220;somente amigos&#8221; que se utilizam de seus servi\u00e7os por tres d\u00e9cadas. Ela esta no 54 Adams St, com uma equipe maravilhosa, que vale a pena conhecer. .<\/p>\n","protected":false},"excerpt":{"rendered":"<p>Marlete Farias, ou simplesmente Lili, como \u00e9 conhecida por todos, acaba de inaugurar o Lili Hair Design Salon Unisex. Muitos amigos compareceram ao coquetel oferecido por ela neste s\u00e1bado para celebrar o acontecimento. O Vereador John Sharpe James presidiu a cerim\u00f4nia de corte da fita simb\u00f3lica de inaugura\u00e7\u00e3o, junto \u00e0 propriet\u00e1ria e demais amigos que fazem parte de sua hist\u00f3ria.<\/p>\n","protected":false},"author":1,"featured_media":11848,"comment_status":"open","ping_status":"open","sticky":false,"template":"","format":"standard","meta":{"_links_to":"","_links_to_target":""},"categories":[4,1],"tags":[],"views":2799,"_links":{"self":[{"href":"https:\/\/www.brazilianpress.com\/v1\/wp-json\/wp\/v2\/posts\/11847"}],"collection":[{"href":"https:\/\/www.brazilianpress.com\/v1\/wp-json\/wp\/v2\/posts"}],"about":[{"href":"https:\/\/www.brazilianpress.com\/v1\/wp-json\/wp\/v2\/types\/post"}],"author":[{"embeddable":true,"href":"https:\/\/www.brazilianpress.com\/v1\/wp-json\/wp\/v2\/users\/1"}],"replies":[{"embeddable":true,"href":"https:\/\/www.brazilianpress.com\/v1\/wp-json\/wp\/v2\/comments?post=11847"}],"version-history":[{"count":1,"href":"https:\/\/www.brazilianpress.com\/v1\/wp-json\/wp\/v2\/posts\/11847\/revisions"}],"predecessor-version":[{"id":11850,"href":"https:\/\/www.brazilianpress.com\/v1\/wp-json\/wp\/v2\/posts\/11847\/revisions\/11850"}],"wp:featuredmedia":[{"embeddable":true,"href":"https:\/\/www.brazilianpress.com\/v1\/wp-json\/wp\/v2\/media\/11848"}],"wp:attachment":[{"href":"https:\/\/www.brazilianpress.com\/v1\/wp-json\/wp\/v2\/media?parent=11847"}],"wp:term":[{"taxonomy":"category","embeddable":true,"href":"https:\/\/www.brazilianpress.com\/v1\/wp-json\/wp\/v2\/categories?post=11847"},{"taxonomy":"post_tag","embeddable":true,"href":"https:\/\/www.brazilianpress.com\/v1\/wp-json\/wp\/v2\/tags?post=11847"}],"curies":[{"name":"wp","href":"https:\/\/api.w.org\/{rel}","templated":true}]}}