{"id":1186,"date":"2013-06-20T10:58:19","date_gmt":"2013-06-20T14:58:19","guid":{"rendered":"http:\/\/www.brazilianpress.com\/v1\/?p=1186"},"modified":"2013-06-20T11:41:12","modified_gmt":"2013-06-20T15:41:12","slug":"donald-trump-anuncia-megaprojeto-imobiliario-no-rio-de-janeiro","status":"publish","type":"post","link":"https:\/\/www.brazilianpress.com\/v1\/2013\/06\/20\/donald-trump-anuncia-megaprojeto-imobiliario-no-rio-de-janeiro\/","title":{"rendered":"Donald Trump anuncia megaprojeto imobili\u00e1rio no Rio de Janeiro"},"content":{"rendered":"<p>O empres\u00e1rio e apresentador americano Donald Trump anunciou na manh\u00e3 de ter\u00e7a-feira passada (18) a constru\u00e7\u00e3o de seu primeiro projeto no Brasil, a Trump Towers. O empreendimento ficar\u00e1 na zona portu\u00e1ria do Rio de Janeiro e ser\u00e1, de acordo com os respons\u00e1veis, o maior centro empresarial do Brasil. Os cinco pr\u00e9dios do complexo ser\u00e3o erguidos pelos parceiros locais de Trump, as construtoras Even e MRP International.<!--more--><\/p>\n<p><img loading=\"lazy\" class=\"alignnone size-full wp-image-1183\" alt=\"donald trump brasil\" src=\"http:\/\/www.brazilianpress.com\/v1\/wp-content\/uploads\/2013\/06\/donald-trump-brasil.jpg\" width=\"500\" height=\"333\" srcset=\"https:\/\/www.brazilianpress.com\/v1\/wp-content\/uploads\/2013\/06\/donald-trump-brasil.jpg 500w, https:\/\/www.brazilianpress.com\/v1\/wp-content\/uploads\/2013\/06\/donald-trump-brasil-300x199.jpg 300w\" sizes=\"(max-width: 500px) 100vw, 500px\" \/><\/p>\n<p>A cerim\u00f4nia de an\u00fancio, feita na capital carioca, contou com a presen\u00e7a do prefeito Eduardo Paes, al\u00e9m de Alberto Silva, presidente da Companhia de Desenvolvimento Urbano da Regi\u00e3o do Porto do Rio de Janeiro, e Donald Trump Jr, filho do empres\u00e1rio.<\/p>\n<p>&#8220;Estarei na cidade para ver os Jogos Ol\u00edmpicos e outros eventos, mas, principalmente, eu irei para ver a Trump Towers, que ser\u00e1 um incr\u00edvel sucesso e um bonito trabalho&#8221;, disse, atrav\u00e9s de v\u00eddeo, Donald Trump, que apresenta o programa &#8220;O Aprendiz&#8221;, na rede NBC.<\/p>\n<p>Os cinco pr\u00e9dios ter\u00e3o uma \u00e1rea constru\u00edda total de 300 mil m2 na regi\u00e3o do Porto Maravilha, projeto que revitaliza um espa\u00e7o historicamente degradado da cidade. Alinhados lado a lado, com os topos inclinados e situados a frente das \u00e1guas da regi\u00e3o portu\u00e1ria, eles lembram o Parque da Cidade, empreendimento que \u00e9 constru\u00eddo pela Odebrecht em S\u00e3o Paulo.<\/p>\n<p>Os construtores afirmam que o total investido n\u00e3o pode ser revelado, nem a participa\u00e7\u00e3o da Caixa, uma das parceiras no projeto, por confidencialidade do contrato. Mas, segundo os respons\u00e1veis, um c\u00e1lculo conservador apontaria que o empreendimento tem potencial para gerar R$ 3 bilh\u00f5es, naquilo que o mercado imobili\u00e1rio chama de &#8220;valor global de vendas&#8221;.<\/p>\n<p>As primeiras duas torres devem come\u00e7ar a ser constru\u00eddas no segundo semestre de 2013 e as outras tr\u00eas ser\u00e3o erguidas conforme a demanda. As duas torres iniciais s\u00f3 come\u00e7ar\u00e3o a ser vendidas ap\u00f3s todas as licen\u00e7as serem obtidas para a constru\u00e7\u00e3o.<\/p>\n<p>Para a Caixa, que faz investimentos e financia melhorias estruturais da regi\u00e3o, o projeto ser\u00e1 uma &#8220;\u00e2ncora&#8221; para a nova zona portu\u00e1ria. &#8220;N\u00f3s realmente acreditamos no projeto e ficamos felizes em fechar o ano com mais essa parceria&#8221;, disse Fl\u00e1vio Arakaki, superintendente nacional de fundos da Caixa.<\/p>\n<p>O prefeito do Rio de Janeiro agradeceu Donald Trump por &#8220;acreditar na cidade do Rio&#8221; e destacou o tamanho do investimento. &#8220;Significa que essa marca fort\u00edssima est\u00e1 apostando na cidade, n\u00e3o apenas at\u00e9 os Jogos Ol\u00edmpicos, mas por um longo tempo&#8221;, afirmou. &#8220;Esse \u00e9 provavelmente o maior investimento imobili\u00e1rio da hist\u00f3ria da cidade, exclu\u00edndo a Barra da Tijuca&#8221;, disse o prefeito.<\/p>\n","protected":false},"excerpt":{"rendered":"<p>O empres\u00e1rio e apresentador americano Donald Trump anunciou na manh\u00e3 de ter\u00e7a-feira passada (18) a constru\u00e7\u00e3o de seu primeiro projeto no Brasil, a Trump Towers. O empreendimento ficar\u00e1 na zona portu\u00e1ria do Rio de Janeiro e ser\u00e1, de acordo com os respons\u00e1veis, o maior centro empresarial do Brasil. Os cinco pr\u00e9dios do complexo ser\u00e3o erguidos pelos parceiros locais de Trump, as construtoras Even e MRP International.<\/p>\n","protected":false},"author":1,"featured_media":1183,"comment_status":"open","ping_status":"open","sticky":false,"template":"","format":"standard","meta":{"_links_to":"","_links_to_target":""},"categories":[7,1],"tags":[],"views":3542,"_links":{"self":[{"href":"https:\/\/www.brazilianpress.com\/v1\/wp-json\/wp\/v2\/posts\/1186"}],"collection":[{"href":"https:\/\/www.brazilianpress.com\/v1\/wp-json\/wp\/v2\/posts"}],"about":[{"href":"https:\/\/www.brazilianpress.com\/v1\/wp-json\/wp\/v2\/types\/post"}],"author":[{"embeddable":true,"href":"https:\/\/www.brazilianpress.com\/v1\/wp-json\/wp\/v2\/users\/1"}],"replies":[{"embeddable":true,"href":"https:\/\/www.brazilianpress.com\/v1\/wp-json\/wp\/v2\/comments?post=1186"}],"version-history":[{"count":2,"href":"https:\/\/www.brazilianpress.com\/v1\/wp-json\/wp\/v2\/posts\/1186\/revisions"}],"predecessor-version":[{"id":1248,"href":"https:\/\/www.brazilianpress.com\/v1\/wp-json\/wp\/v2\/posts\/1186\/revisions\/1248"}],"wp:featuredmedia":[{"embeddable":true,"href":"https:\/\/www.brazilianpress.com\/v1\/wp-json\/wp\/v2\/media\/1183"}],"wp:attachment":[{"href":"https:\/\/www.brazilianpress.com\/v1\/wp-json\/wp\/v2\/media?parent=1186"}],"wp:term":[{"taxonomy":"category","embeddable":true,"href":"https:\/\/www.brazilianpress.com\/v1\/wp-json\/wp\/v2\/categories?post=1186"},{"taxonomy":"post_tag","embeddable":true,"href":"https:\/\/www.brazilianpress.com\/v1\/wp-json\/wp\/v2\/tags?post=1186"}],"curies":[{"name":"wp","href":"https:\/\/api.w.org\/{rel}","templated":true}]}}