{"id":11896,"date":"2015-01-22T13:27:17","date_gmt":"2015-01-22T17:27:17","guid":{"rendered":"http:\/\/www.brazilianpress.com\/v1\/?p=11896"},"modified":"2015-01-22T13:27:17","modified_gmt":"2015-01-22T17:27:17","slug":"lea-campos-desespero-do-governo","status":"publish","type":"post","link":"https:\/\/www.brazilianpress.com\/v1\/2015\/01\/22\/lea-campos-desespero-do-governo\/","title":{"rendered":"L\u00e9a Campos: Desespero do Governo"},"content":{"rendered":"<p><img loading=\"lazy\" class=\"alignnone size-full wp-image-11897\" src=\"http:\/\/www.brazilianpress.com\/v1\/wp-content\/uploads\/2015\/01\/julio-delgado-lea-campos.jpg\" alt=\"julio delgado lea campos\" width=\"500\" height=\"209\" srcset=\"https:\/\/www.brazilianpress.com\/v1\/wp-content\/uploads\/2015\/01\/julio-delgado-lea-campos.jpg 500w, https:\/\/www.brazilianpress.com\/v1\/wp-content\/uploads\/2015\/01\/julio-delgado-lea-campos-300x125.jpg 300w\" sizes=\"(max-width: 500px) 100vw, 500px\" \/><\/p>\n<p><img loading=\"lazy\" class=\"alignright size-medium wp-image-81\" src=\"http:\/\/www.brazilianpress.com\/v1\/wp-content\/uploads\/2013\/04\/lea_campos-300x200.jpg\" alt=\"lea_campos\" width=\"300\" height=\"200\" srcset=\"https:\/\/www.brazilianpress.com\/v1\/wp-content\/uploads\/2013\/04\/lea_campos-300x200.jpg 300w, https:\/\/www.brazilianpress.com\/v1\/wp-content\/uploads\/2013\/04\/lea_campos.jpg 507w\" sizes=\"(max-width: 300px) 100vw, 300px\" \/>O governo est\u00e1 desesperado para ter na presid\u00eancia da C\u00e2mara um petista ou aliado do partido, para impedir que haja um pedido de impeachment, j\u00e1 que somente os deputados podem faz\u00ea-lo, e se a presid\u00eancia da C\u00e2mara estiver dominada por eles, tudo fica mais f\u00e1cil para o governo.<\/p>\n<p>O legislativo est\u00e1 bastante debilitado com tantas den\u00fancias e tantos envolvimentos de seus membros em atos de corrup\u00e7\u00e3o e os que n\u00e3o aderem ao governo correm o risco de desaparecer.<\/p>\n<p>Lula disse v\u00e1rias vezes durante a campanha, que &#8220;eles n\u00e3o sabem do que somos capazes de fazer pra manter Dilma no poder&#8221;, em outra ocasi\u00e3o disse que nem o diabo tiraria o poder das m\u00e3os do PT, o que vale dizer que os meios justificam os fins.<!--more--><\/p>\n<p>Para chegar \u00e0 presid\u00eancia houve at\u00e9 queda de avi\u00e3o, cujas causas oferecidas pela Aeron\u00e1utica n\u00e3o convencem nem aos pr\u00f3prios investigadores.<\/p>\n<p>Existem tr\u00eas deputados postulando a presid\u00eancia da C\u00e2mara: Eduardo Cunha \u00a0(PMDB- RJ), Arlindo Chinaglia \u00a0(PT- SP) e Julio Delgado (PSB-MG), e aliado de A\u00e9cio Neves e do PSDB.<\/p>\n<p>Est\u00e1 claro que o deputado mineiro \u00e9 a pedra no sapato de Dilma, pois al\u00e9m de seu passado pol\u00edtico, conta com o apoio de partidos s\u00e9rios.<\/p>\n<p>J\u00falio deve saber que est\u00e1 correndo risco de vida, por isso deve se cuidar, principalmente em viagens a\u00e9reas.<\/p>\n<p>Domingo passado, 18, J\u00falio Delgado embarcou em um avi\u00e3o no aeroporto de Confins com destino a Porto Alegre, o avi\u00e3o da Azul deveria aterrissar na capital,\u00a0mas teve que desviar a rota e aterrissar em Canoas, porque o trem de aterrissagem travou (?).<\/p>\n<p>Segundo informa\u00e7\u00f5es colhidas no aeroporto Salgado Filho, em Porto Alegre, o avi\u00e3o n\u00e3o conseguia frear e depois de tr\u00eas tentativas frustradas, o piloto optou por aterrissar na Base A\u00e9rea de Canoas, onde a pista \u00e9 mais comprida e mais larga do que a pista de Porto Alegre.<\/p>\n<p>Ser\u00e1 que foi um problema natural ou imposto?<\/p>\n<p>Sabemos que o governo brasileiro compra tudo e todos para chegar ao p\u00f3dio, e n\u00e3o me ficaria surpresa se esta emerg\u00eancia\u00a0n\u00e3o tenha sido criada.<\/p>\n<p>O pior \u00e9 que\u00a0al\u00e9m de J\u00falio Delgado, o avi\u00e3o estava lotado, e se houvesse ca\u00eddo muitos inocentes morreriam em nome da vaidade\u00a0pelo\u00a0poder.<\/p>\n<p>N\u00e3o estou afirmando que o acontecido tenha sido um atentado contra o deputado J\u00falio Delgado, estou analisando por ter o direito de faz\u00ea-lo.<\/p>\n<p>Em 2010 fui recebida por J\u00falio Delgado em seu gabinete em Bras\u00edlia, e pelo carinho que ele e sua equipe me dispensaram, me preocupo com o que pode acontecer.<\/p>\n<p>Depois de tanta corrup\u00e7\u00e3o e mentiras durante a campanha passada, qualquer coisa \u00e9 poss\u00edvel.<\/p>\n<p>O terrorismo \u00e9 uma marca registrada na vida da mandat\u00e1ria, tanto que durante a campanha ela enviou mensagens para os agraciados com o Bolsa Fam\u00edlia, que os partido tinha meios de saber se eles votaram contra ela, e que os que o fizessem perderiam o benef\u00edcio; a postura dos correios em Minas, amea\u00e7ando funcion\u00e1rios caso n\u00e3o cumprissem a determina\u00e7\u00e3o de entregar a propaganda eleitoral do PT e desaparecer a do PSDB; o n\u00e3o cumprimento da lei eleitoral em retirar todos os cavaletes que tinham mensagens eleitorais e que estavam espalhados pela cidade, retirando apenas e t\u00e3o somente as que pertenciam ao PSDB; os constantes alertas feitos de que A\u00e9cio iria privatizar a Caixa e outras estatais, enfim, foi uma campanha mentirosa e terrorista, \u00e0 altura da maior guerrilheira que o Brasil conheceu.<\/p>\n<p>Cautela e canja de galinha n\u00e3o matam ningu\u00e9m.<\/p>\n<p>Cuide-se deputado, precisamos de homens como voc\u00ea no mando da C\u00e2mara, para unidos lutarmos pela democracia e independ\u00eancia do Brasil e o mais importante, o bem estar do brasileiro.<\/p>\n<p>&nbsp;<\/p>\n<p><strong><em>Informar \u00e9 um privil\u00e9gio, informar corretamente uma obriga\u00e7\u00e3o.<\/p>\n<p>L\u00e9a Campos<\/em><\/strong><\/p>\n<p>&nbsp;<\/p>\n","protected":false},"excerpt":{"rendered":"<p>O governo est\u00e1 desesperado para ter na presid\u00eancia da C\u00e2mara um petista ou aliado do partido, para impedir que haja um pedido de impeachment, j\u00e1 que somente os deputados podem faz\u00ea-lo, e se a presid\u00eancia da C\u00e2mara estiver dominada por eles, tudo fica mais f\u00e1cil para o governo. O legislativo est\u00e1 bastante debilitado com tantas den\u00fancias e tantos envolvimentos de seus membros em atos de corrup\u00e7\u00e3o e os que n\u00e3o aderem ao governo correm o risco de desaparecer. Lula disse v\u00e1rias vezes durante a campanha, que &#8220;eles n\u00e3o sabem do que somos capazes de fazer pra manter Dilma no poder&#8221;, [&hellip;]<\/p>\n","protected":false},"author":1,"featured_media":11897,"comment_status":"open","ping_status":"open","sticky":false,"template":"","format":"standard","meta":{"_links_to":"","_links_to_target":""},"categories":[15,1],"tags":[],"views":2164,"_links":{"self":[{"href":"https:\/\/www.brazilianpress.com\/v1\/wp-json\/wp\/v2\/posts\/11896"}],"collection":[{"href":"https:\/\/www.brazilianpress.com\/v1\/wp-json\/wp\/v2\/posts"}],"about":[{"href":"https:\/\/www.brazilianpress.com\/v1\/wp-json\/wp\/v2\/types\/post"}],"author":[{"embeddable":true,"href":"https:\/\/www.brazilianpress.com\/v1\/wp-json\/wp\/v2\/users\/1"}],"replies":[{"embeddable":true,"href":"https:\/\/www.brazilianpress.com\/v1\/wp-json\/wp\/v2\/comments?post=11896"}],"version-history":[{"count":1,"href":"https:\/\/www.brazilianpress.com\/v1\/wp-json\/wp\/v2\/posts\/11896\/revisions"}],"predecessor-version":[{"id":11898,"href":"https:\/\/www.brazilianpress.com\/v1\/wp-json\/wp\/v2\/posts\/11896\/revisions\/11898"}],"wp:featuredmedia":[{"embeddable":true,"href":"https:\/\/www.brazilianpress.com\/v1\/wp-json\/wp\/v2\/media\/11897"}],"wp:attachment":[{"href":"https:\/\/www.brazilianpress.com\/v1\/wp-json\/wp\/v2\/media?parent=11896"}],"wp:term":[{"taxonomy":"category","embeddable":true,"href":"https:\/\/www.brazilianpress.com\/v1\/wp-json\/wp\/v2\/categories?post=11896"},{"taxonomy":"post_tag","embeddable":true,"href":"https:\/\/www.brazilianpress.com\/v1\/wp-json\/wp\/v2\/tags?post=11896"}],"curies":[{"name":"wp","href":"https:\/\/api.w.org\/{rel}","templated":true}]}}