{"id":1190,"date":"2013-06-20T11:01:46","date_gmt":"2013-06-20T15:01:46","guid":{"rendered":"http:\/\/www.brazilianpress.com\/v1\/?p=1190"},"modified":"2013-06-20T11:12:33","modified_gmt":"2013-06-20T15:12:33","slug":"obama-renovara-pedido-por-reducao-das-armas-nucleares-nos-eua-e-na-russia","status":"publish","type":"post","link":"https:\/\/www.brazilianpress.com\/v1\/2013\/06\/20\/obama-renovara-pedido-por-reducao-das-armas-nucleares-nos-eua-e-na-russia\/","title":{"rendered":"Obama renovar\u00e1 pedido por redu\u00e7\u00e3o das armas nucleares nos EUA e na R\u00fassia"},"content":{"rendered":"<p>O presidente Barack Obama vai renovar seu pedido por redu\u00e7\u00e3o dos estoques nucleares nesta quarta-feira (19), incluindo a proposta de redu\u00e7\u00e3o de um ter\u00e7o nos arsenais da R\u00fassia e dos EUA, disse a Casa Branca. Obama far\u00e1 o pedido durante um discurso no ic\u00f4nico Port\u00e3o de Brandenburgo, em Berlim. Seu discurso ocorre cerca de 50 anos depois do famoso pronunciamento do ex-presidente americano John F. Kennedy (1961-1963), na cidade ainda dividida por causa da Guerra Fria (1945-1990).<!--more--><\/p>\n<p><img class=\"alignnone  wp-image-1191\" alt=\"obama putin\" src=\"http:\/\/www.brazilianpress.com\/v1\/wp-content\/uploads\/2013\/06\/obama-putin.jpg\" width=\"500\" srcset=\"https:\/\/www.brazilianpress.com\/v1\/wp-content\/uploads\/2013\/06\/obama-putin.jpg 652w, https:\/\/www.brazilianpress.com\/v1\/wp-content\/uploads\/2013\/06\/obama-putin-300x187.jpg 300w\" sizes=\"(max-width: 652px) 100vw, 652px\" \/><\/p>\n<p>O presidente j\u00e1 havia pedido anteriormente por redu\u00e7\u00f5es nos estoques e n\u00e3o \u00e9 esperado que ele estabele\u00e7a um cronograma para que isso aconte\u00e7a. Mas tocar no assunto em um importante discurso, Obama sinaliza por um desejo de reacender a quest\u00e3o, priorit\u00e1ria na agenda da seguran\u00e7a em seu primeiro mandato.<\/p>\n<p>A Associa\u00e7\u00e3o do Controle de Armas, um grupo pol\u00edtico com base em Washington, pediu que Obama n\u00e3o espera para formalizar um tratado, argumentando que os l\u00edderes russos e americanos poderiam tomar passos mais \u00e1geis na tentativa de reduzir o n\u00famero de ogivas.<\/p>\n<p>Os pedidos de Obama por coopera\u00e7\u00e3o com Moscou ocorre em um momento de tens\u00e3o entre os EUA e a R\u00fassia, que apoiam\u00a0lados opostos na guerra civil da S\u00edria\u00a0. A R\u00fassia tamb\u00e9m permanece cautelosa com os planos dos EUA com sistemas de defesa antim\u00edsseis na Europa, apesar das garantias americanas de que o escudo n\u00e3o tem Moscou como alvo.<\/p>\n<p>Tamb\u00e9m no discurso desta quarta em Berlim, Obama pressionar\u00e1 o Congresso para aprovar um tratado para banir os testes nuclear, informou a Casa Branca, buscando retomar um esfor\u00e7o que foi deixado de lado nos \u00faltimos anos.<\/p>\n<p>O chanceler alem\u00e3o, Guido Westerwelle, \u00e9 uma voz importante pelo desarmamento nuclear e h\u00e1 muito tempo pede para a remo\u00e7\u00e3o das \u00faltimas armas nucleares dos EUA do territ\u00f3rio alem\u00e3o, um resqu\u00edcio da Guerra Fria. A Base A\u00e9rea Buechel na Alemanha ocidental \u00e9 um dos poucos locais na Europa onde existem essas armas.<\/p>\n<p>Sob um acordo elaborado quando eles formaram um governo de coaliz\u00e3o em 2009, os conservadores, encabe\u00e7ados por Angela Merkel, e o Partido Democr\u00e1tico Liberal, de Westerwelle concordaram em pressionar a Otan e Washington pela retirada de armas nucleares, mas n\u00e3o determinaram um cronograma.<\/p>\n<p>Os n\u00fameros dos estoques nucleares s\u00e3o praticamente guardados em segredo nas maiores na\u00e7\u00f5es que as os possuem, mas especialistas em pol\u00edticas nucleares dizem que nenhum pa\u00eds al\u00e9m dos EUA e da R\u00fassia possuem mais de 300 ogivas. A Federa\u00e7\u00e3o dos Cientistas Americanos estimam que a Fran\u00e7a tem cerca de 300, a China cerca de 240 e o Reino Unido cerca de 225.<\/p>\n","protected":false},"excerpt":{"rendered":"<p>O presidente Barack Obama vai renovar seu pedido por redu\u00e7\u00e3o dos estoques nucleares nesta quarta-feira (19), incluindo a proposta de redu\u00e7\u00e3o de um ter\u00e7o nos arsenais da R\u00fassia e dos EUA, disse a Casa Branca. Obama far\u00e1 o pedido durante um discurso no ic\u00f4nico Port\u00e3o de Brandenburgo, em Berlim. Seu discurso ocorre cerca de 50 anos depois do famoso pronunciamento do ex-presidente americano John F. Kennedy (1961-1963), na cidade ainda dividida por causa da Guerra Fria (1945-1990).<\/p>\n","protected":false},"author":1,"featured_media":1191,"comment_status":"open","ping_status":"open","sticky":false,"template":"","format":"standard","meta":{"_links_to":"","_links_to_target":""},"categories":[1,10],"tags":[],"views":2503,"_links":{"self":[{"href":"https:\/\/www.brazilianpress.com\/v1\/wp-json\/wp\/v2\/posts\/1190"}],"collection":[{"href":"https:\/\/www.brazilianpress.com\/v1\/wp-json\/wp\/v2\/posts"}],"about":[{"href":"https:\/\/www.brazilianpress.com\/v1\/wp-json\/wp\/v2\/types\/post"}],"author":[{"embeddable":true,"href":"https:\/\/www.brazilianpress.com\/v1\/wp-json\/wp\/v2\/users\/1"}],"replies":[{"embeddable":true,"href":"https:\/\/www.brazilianpress.com\/v1\/wp-json\/wp\/v2\/comments?post=1190"}],"version-history":[{"count":3,"href":"https:\/\/www.brazilianpress.com\/v1\/wp-json\/wp\/v2\/posts\/1190\/revisions"}],"predecessor-version":[{"id":1205,"href":"https:\/\/www.brazilianpress.com\/v1\/wp-json\/wp\/v2\/posts\/1190\/revisions\/1205"}],"wp:featuredmedia":[{"embeddable":true,"href":"https:\/\/www.brazilianpress.com\/v1\/wp-json\/wp\/v2\/media\/1191"}],"wp:attachment":[{"href":"https:\/\/www.brazilianpress.com\/v1\/wp-json\/wp\/v2\/media?parent=1190"}],"wp:term":[{"taxonomy":"category","embeddable":true,"href":"https:\/\/www.brazilianpress.com\/v1\/wp-json\/wp\/v2\/categories?post=1190"},{"taxonomy":"post_tag","embeddable":true,"href":"https:\/\/www.brazilianpress.com\/v1\/wp-json\/wp\/v2\/tags?post=1190"}],"curies":[{"name":"wp","href":"https:\/\/api.w.org\/{rel}","templated":true}]}}