{"id":11907,"date":"2015-01-22T13:39:21","date_gmt":"2015-01-22T17:39:21","guid":{"rendered":"http:\/\/www.brazilianpress.com\/v1\/?p=11907"},"modified":"2015-01-22T15:45:51","modified_gmt":"2015-01-22T19:45:51","slug":"agenda-cultural-by-roger-costa-22012015","status":"publish","type":"post","link":"https:\/\/www.brazilianpress.com\/v1\/2015\/01\/22\/agenda-cultural-by-roger-costa-22012015\/","title":{"rendered":"Agenda Cultural, by Roger Costa . 22\/01\/2015"},"content":{"rendered":"<p><img loading=\"lazy\" class=\"alignnone size-full wp-image-11908\" src=\"http:\/\/www.brazilianpress.com\/v1\/wp-content\/uploads\/2015\/01\/agenda-cultura-ed1715-20150222-1.jpg\" alt=\"agenda cultura ed1715 20150222 (1)\" width=\"500\" height=\"333\" srcset=\"https:\/\/www.brazilianpress.com\/v1\/wp-content\/uploads\/2015\/01\/agenda-cultura-ed1715-20150222-1.jpg 500w, https:\/\/www.brazilianpress.com\/v1\/wp-content\/uploads\/2015\/01\/agenda-cultura-ed1715-20150222-1-300x199.jpg 300w\" sizes=\"(max-width: 500px) 100vw, 500px\" \/><\/p>\n<p><strong><em>*Musuem of Moving Image (36-01 35th Avenue, Astoria, Queens)-<\/em><\/strong> Acaba de ser inaugurada no lobby principal a enorme instala\u00e7\u00e3o em v\u00eddeo da artista canadense Sabrina Ratt\u00e9, <strong>\u201cCommon Areas\u201d,<\/strong> imagens processadas em an\u00e1logo e digital que evocam a <strong>paisagens e arquitetura<\/strong> eletr\u00f4nica. Aproveite para descobrir a grandiosa <strong><em>exposi\u00e7\u00e3o \u201cBehind The Screen\u201d (foto)<\/em><\/strong>, apresentando ao visitante a hist\u00f3ria e t\u00e9cnicas na <strong>produ\u00e7\u00e3o de imagens em cinema e televis\u00e3o<\/strong>, com objetos e pe\u00e7as originais como <strong>m\u00e1scaras, equipamentos, vestimentas<\/strong>, acess\u00f3rios e antiguidades. Voc\u00ea pode ainda <strong>passear por dentro de um teatro ex\u00f3tico,<\/strong> estilo eg\u00edpcio completamente decorado. <strong><em>Visite <\/em><\/strong><a href=\"http:\/\/www.movingimage.us\"><strong><em>www.movingimage.us<\/em><\/strong><\/a><strong><em>.<\/em><\/strong><!--more--><\/p>\n<p><strong><em>*MoMA (11 West, 53rd Street)-<\/em><\/strong> Aproveite para explorar elementos da <strong>cultura vanguarda<\/strong> com duas apresenta\u00e7\u00f5es especiais, <strong>\u201cThe Paris of Toulouse-Lautrec: Prints and Posters\u201d<\/strong> no 2\u00ba Piso retrata a Paris do final do s\u00e9culo XX com pinturas, <strong>textos, gravuras, imagens e documentos,<\/strong> atrav\u00e9s das observa\u00e7\u00f5es do artista e sua experi\u00eancia como integrante <strong>da sociedade bo\u00eamia da \u00e9poca<\/strong>. J\u00e1 no piso t\u00e9rreo, o visitante poder\u00e1 conferir <strong>\u201c100 Years in Post-Production: Resurrecting a Lost Landmark of Black Film History\u201d<\/strong> compila\u00e7\u00e3o de fotografias e clips em tel\u00e3o <strong>com imagens restauradas de um rolo<\/strong> recentemente descoberto e consideradas as mais antigas realizadas por equipe e atores negros. Dois curtas-metragens produzidos no<strong> Senegal<\/strong> ser\u00e3o exibidos em conjunto at\u00e9 o pr\u00f3ximo dia 27, <strong>\u201cA Thousand Suns\u201d e \u201cAtlantiques\u201d<\/strong>, e a entrada \u00e9 gratuita na sexta \u00e0s 6h00pm. <strong><em>Visite <\/em><\/strong><a href=\"http:\/\/www.moma.org\"><strong><em>www.moma.org<\/em><\/strong><\/a><strong><em>.<\/em><\/strong><\/p>\n<p><strong><em>*Americas Society (680 Park Avenue)-<\/em><\/strong> O clarinetista canadense <strong>Pascal Archer<\/strong> promove uma noite especial com <strong>cl\u00e1ssicos orquestrais<\/strong> durante o Exponential Ensemble acompanhado da violinista <strong>Annie Tr\u00e9panier e o Adaskin String Trio formado por Emlyn Ngai no violino<\/strong>, Steve Larson, viola e Mark Fraser no cello. No repert\u00f3rio, <strong>Beethoven<\/strong>, Murray Adaskin e Golijov. Pr\u00f3xima segunda as 7pm. Ingresso $20. <strong><em>Visite <\/em><\/strong><a href=\"http:\/\/www.as-coa.org\"><strong><em>www.as-coa.org<\/em><\/strong><\/a><strong><em>.<\/em><\/strong><\/p>\n<p><strong><em><img loading=\"lazy\" class=\"alignright size-medium wp-image-11909\" src=\"http:\/\/www.brazilianpress.com\/v1\/wp-content\/uploads\/2015\/01\/agenda-cultura-ed1715-20150222-2-180x300.jpg\" alt=\"2000 MTV MOVIE AWARDS\" width=\"180\" height=\"300\" srcset=\"https:\/\/www.brazilianpress.com\/v1\/wp-content\/uploads\/2015\/01\/agenda-cultura-ed1715-20150222-2-180x300.jpg 180w, https:\/\/www.brazilianpress.com\/v1\/wp-content\/uploads\/2015\/01\/agenda-cultura-ed1715-20150222-2.jpg 495w\" sizes=\"(max-width: 180px) 100vw, 180px\" \/>*Apollo Theater (253 West, 125th Street, Harlem)-<\/em><\/strong> A temporada 2015 ser\u00e1 inaugurada com o retorno do consagrado <strong><em>cantor de soul e R&amp;B D\u2019Angelo (foto).<\/em><\/strong> Ap\u00f3s 15 anos de aus\u00eancia, o talentoso artista acaba de lan\u00e7ar seu novo \u00e1lbum, <strong>\u201cBlack Messiah\u201d<\/strong> e vem sendo aplaudido pelos f\u00e3s e <strong>especialistas como um terremoto sonoro<\/strong>. O show acontece s\u00e1bado, <strong>dia 7 de fevereiro \u00e0s 8h00pm<\/strong>. Ingressos $56-$266. <strong><em>Visite <\/em><\/strong><a href=\"http:\/\/www.apollotheater.org\"><strong><em>www.apollotheater.org<\/em><\/strong><\/a><strong><em>.<\/em><\/strong><\/p>\n<p><strong><em>*NJPAC (1 Center Street, Newark)-<\/em><\/strong> A <strong>crian\u00e7ada e os adultos<\/strong> se divertir\u00e3o acompanhando as grandes aventuras no palco do <strong>\u201cChuggington Live!\u201d,<\/strong> a turma de trens que s\u00e3o sensa\u00e7\u00e3o no <strong>programa da Disney TV<\/strong>. O espet\u00e1culo ganha vida e conta as emo\u00e7\u00f5es do primeiro dia de um <strong>treino avan\u00e7ado<\/strong>, onde os participantes pretendem demonstrar toda a <strong>habilidade, a velocidade e a coragem que possuem<\/strong>. O show acontece pr\u00f3xima <strong>sexta, dia 30, \u00e0s 3h00pm e 6h00pm<\/strong>. Ingressos $30-$60. <strong><em>Visite <\/em><\/strong><a href=\"http:\/\/www.njpac.com\"><strong><em>www.njpac.com<\/em><\/strong><\/a><\/p>\n","protected":false},"excerpt":{"rendered":"<p>*Musuem of Moving Image (36-01 35th Avenue, Astoria, Queens)- Acaba de ser inaugurada no lobby principal a enorme instala\u00e7\u00e3o em v\u00eddeo da artista canadense Sabrina Ratt\u00e9, \u201cCommon Areas\u201d, imagens processadas em an\u00e1logo e digital que evocam a paisagens e arquitetura eletr\u00f4nica. Aproveite para descobrir a grandiosa exposi\u00e7\u00e3o \u201cBehind The Screen\u201d (foto), apresentando ao visitante a hist\u00f3ria e t\u00e9cnicas na produ\u00e7\u00e3o de imagens em cinema e televis\u00e3o, com objetos e pe\u00e7as originais como m\u00e1scaras, equipamentos, vestimentas, acess\u00f3rios e antiguidades. Voc\u00ea pode ainda passear por dentro de um teatro ex\u00f3tico, estilo eg\u00edpcio completamente decorado. Visite www.movingimage.us.<\/p>\n","protected":false},"author":1,"featured_media":11908,"comment_status":"open","ping_status":"open","sticky":false,"template":"","format":"standard","meta":{"_links_to":"","_links_to_target":""},"categories":[20,1],"tags":[],"views":2266,"_links":{"self":[{"href":"https:\/\/www.brazilianpress.com\/v1\/wp-json\/wp\/v2\/posts\/11907"}],"collection":[{"href":"https:\/\/www.brazilianpress.com\/v1\/wp-json\/wp\/v2\/posts"}],"about":[{"href":"https:\/\/www.brazilianpress.com\/v1\/wp-json\/wp\/v2\/types\/post"}],"author":[{"embeddable":true,"href":"https:\/\/www.brazilianpress.com\/v1\/wp-json\/wp\/v2\/users\/1"}],"replies":[{"embeddable":true,"href":"https:\/\/www.brazilianpress.com\/v1\/wp-json\/wp\/v2\/comments?post=11907"}],"version-history":[{"count":1,"href":"https:\/\/www.brazilianpress.com\/v1\/wp-json\/wp\/v2\/posts\/11907\/revisions"}],"predecessor-version":[{"id":11910,"href":"https:\/\/www.brazilianpress.com\/v1\/wp-json\/wp\/v2\/posts\/11907\/revisions\/11910"}],"wp:featuredmedia":[{"embeddable":true,"href":"https:\/\/www.brazilianpress.com\/v1\/wp-json\/wp\/v2\/media\/11908"}],"wp:attachment":[{"href":"https:\/\/www.brazilianpress.com\/v1\/wp-json\/wp\/v2\/media?parent=11907"}],"wp:term":[{"taxonomy":"category","embeddable":true,"href":"https:\/\/www.brazilianpress.com\/v1\/wp-json\/wp\/v2\/categories?post=11907"},{"taxonomy":"post_tag","embeddable":true,"href":"https:\/\/www.brazilianpress.com\/v1\/wp-json\/wp\/v2\/tags?post=11907"}],"curies":[{"name":"wp","href":"https:\/\/api.w.org\/{rel}","templated":true}]}}