{"id":11911,"date":"2015-01-22T13:56:12","date_gmt":"2015-01-22T17:56:12","guid":{"rendered":"http:\/\/www.brazilianpress.com\/v1\/?p=11911"},"modified":"2015-01-22T13:56:12","modified_gmt":"2015-01-22T17:56:12","slug":"retorno-de-eurico-revive-guerra-nos-bastidores-entre-flamengo-e-vasco","status":"publish","type":"post","link":"https:\/\/www.brazilianpress.com\/v1\/2015\/01\/22\/retorno-de-eurico-revive-guerra-nos-bastidores-entre-flamengo-e-vasco\/","title":{"rendered":"Retorno de Eurico revive guerra nos bastidores entre Flamengo e Vasco"},"content":{"rendered":"<p><img loading=\"lazy\" class=\"alignnone size-full wp-image-11912\" src=\"http:\/\/www.brazilianpress.com\/v1\/wp-content\/uploads\/2015\/01\/eurico-miranda-vasco.jpg\" alt=\"_eurico miranda vasco\" width=\"500\" height=\"244\" srcset=\"https:\/\/www.brazilianpress.com\/v1\/wp-content\/uploads\/2015\/01\/eurico-miranda-vasco.jpg 500w, https:\/\/www.brazilianpress.com\/v1\/wp-content\/uploads\/2015\/01\/eurico-miranda-vasco-300x146.jpg 300w\" sizes=\"(max-width: 500px) 100vw, 500px\" \/><\/p>\n<p>Flamengo e Vasco se enfrentaram ontem (quarta-feira 21), \u00e0s 22h (de Bras\u00edlia), em Manaus. A partida pelo Torneio Super Series marca o reencontro dos advers\u00e1rios hist\u00f3ricos e acirra a rivalidade no in\u00edcio da temporada. A guerra nos bastidores foi declarada desde que o presidente Eurico Miranda venceu a elei\u00e7\u00e3o para comandar o Cruzmaltino at\u00e9 2017.<\/p>\n<p>O pol\u00eamico dirigente retornou ao poder e apostou na velha estrat\u00e9gia de provocar o Rubro-negro. Em sua an\u00e1lise, ao fomentar esta rivalidade ele angariou investimentos ao Vasco. O cartola parte do princ\u00edpio que colocar o Cruzmaltino como o &#8220;principal rival&#8221; do clube de maior torcida do Brasil traz poder de barganha em negocia\u00e7\u00f5es.<!--more--><\/p>\n<p>Em pouco menos de dois meses na presid\u00eancia j\u00e1 foram algumas alfinetadas. Umas em tom de brincadeira e outras atrav\u00e9s de medidas para prejudicar o Flamengo.<\/p>\n<p>Numa delas, por exemplo, solicitou ao prefeito do Rio de Janeiro, Eduardo Paes, para vetar o projeto rubro-negro de constru\u00e7\u00e3o de um gin\u00e1sio poliesportivo na sede da G\u00e1vea.<\/p>\n<p>Em outra frente, Eurico atua nos bastidores para renegociar a divis\u00e3o de cotas de direitos de televis\u00e3o. Chamando de &#8220;espanholiza\u00e7\u00e3o&#8221;, ele acha injusta a f\u00f3rmula atual, onde Flamengo e Corinthians recebem bem mais do que Vasco e demais clubes.<\/p>\n<p>Com o presidente da Ferj (Federa\u00e7\u00e3o de Futebol do Rio de Janeiro), Rubens Lopes, como bra\u00e7o direito, Eurico fez valer a for\u00e7a pol\u00edtica e implantou ao seu modo os pre\u00e7os dos ingressos para o Campeonato Carioca, colocando-os com valores mais populares, algo que n\u00e3o foi de encontro ao desejo da dupla Fla-Flu, que gostaria de privilegiar os s\u00f3cios-torcedores.<\/p>\n<p>O epis\u00f3dio caiu como uma bomba na rela\u00e7\u00e3o entre os clubes. Os dirigentes rubro-negros prometem uma longa batalha contra Eurico e descartam qualquer tipo de rela\u00e7\u00e3o com o rival enquanto o pr\u00f3prio mantiver o objetivo de prejudicar o Flamengo nos bastidores.<\/p>\n<p>Neste per\u00edodo, por\u00e9m, Eurico sofreu um grande rev\u00e9s com apoio do Rubro-Negro. Imbu\u00eddo em recolocar o Vasco no cen\u00e1rio do basquete nacional, o dirigente buscou a participa\u00e7\u00e3o na Liga Ouro, torneio classificat\u00f3rio para o NBB. A proposta foi colocada em vota\u00e7\u00e3o e, em disputa apertada, o voto do Flamengo contra a participa\u00e7\u00e3o do Cruzmaltino decretou o fim do projeto do clube de S\u00e3o Janu\u00e1rio para 2015.<\/p>\n<p>Questionado logo ap\u00f3s a sua posse sobre o primeiro duelo com o rival no Torneio Super Series, Eurico Miranda foi claro:<\/p>\n<p>&#8220;O Vasco n\u00e3o entra em competi\u00e7\u00e3o nenhuma para disputar, ele entra para ganhar. Ali\u00e1s, aproveito para dizer que entra, em especial, para ganhar do Flamengo&#8221;.<\/p>\n<p>Em seu blog, o ex-presidente do Rubro-Negro Kleber Leite revelou um di\u00e1logo com o cartola que dimensiona a estrat\u00e9gia do vasca\u00edno.<\/p>\n<p>&#8220;\u00d4 Kleber, te prepara porque eu vou bater muito no Flamengo. Toda vez que tiver uma chance, vou colocar a boca no trombone. O Vasco cresceu quando acirrei esta rivalidade. O que voc\u00ea viu at\u00e9 agora n\u00e3o foi nada. Espere o que vem por a\u00ed\u2026&#8221;, disse o texto.<\/p>\n<p>E a rivalidade tamb\u00e9m j\u00e1 chegou aos respons\u00e1veis pelo espet\u00e1culo em campo. Os novos refor\u00e7os do Vasco utilizaram bastante o discurso de &#8220;campeonato \u00e0 parte&#8221; contra o Flamengo durante as entrevistas coletivas. Por outro lado, o t\u00e9cnico Vanderlei Luxemburgo deixou claro o peso do encontro entre os times em Manaus. A caracter\u00edstica de amistoso passa longe das inten\u00e7\u00f5es dos rivais.<\/p>\n<p>&#8220;Vasco e Flamengo t\u00eam rivalidade at\u00e9 se jogar na China. O torcedor n\u00e3o quer perder. Em Manaus, vai ter divis\u00e3o de torcida e eu n\u00e3o quero perder. \u00c9 um jogo importante, todos n\u00f3s sabemos&#8221;, encerrou Luxa.<\/p>\n","protected":false},"excerpt":{"rendered":"<p>Flamengo e Vasco se enfrentaram ontem (quarta-feira 21), \u00e0s 22h (de Bras\u00edlia), em Manaus. A partida pelo Torneio Super Series marca o reencontro dos advers\u00e1rios hist\u00f3ricos e acirra a rivalidade no in\u00edcio da temporada. A guerra nos bastidores foi declarada desde que o presidente Eurico Miranda venceu a elei\u00e7\u00e3o para comandar o Cruzmaltino at\u00e9 2017. O pol\u00eamico dirigente retornou ao poder e apostou na velha estrat\u00e9gia de provocar o Rubro-negro. Em sua an\u00e1lise, ao fomentar esta rivalidade ele angariou investimentos ao Vasco. O cartola parte do princ\u00edpio que colocar o Cruzmaltino como o &#8220;principal rival&#8221; do clube de maior torcida [&hellip;]<\/p>\n","protected":false},"author":1,"featured_media":11912,"comment_status":"open","ping_status":"open","sticky":false,"template":"","format":"standard","meta":{"_links_to":"","_links_to_target":""},"categories":[9,1],"tags":[],"views":2149,"_links":{"self":[{"href":"https:\/\/www.brazilianpress.com\/v1\/wp-json\/wp\/v2\/posts\/11911"}],"collection":[{"href":"https:\/\/www.brazilianpress.com\/v1\/wp-json\/wp\/v2\/posts"}],"about":[{"href":"https:\/\/www.brazilianpress.com\/v1\/wp-json\/wp\/v2\/types\/post"}],"author":[{"embeddable":true,"href":"https:\/\/www.brazilianpress.com\/v1\/wp-json\/wp\/v2\/users\/1"}],"replies":[{"embeddable":true,"href":"https:\/\/www.brazilianpress.com\/v1\/wp-json\/wp\/v2\/comments?post=11911"}],"version-history":[{"count":1,"href":"https:\/\/www.brazilianpress.com\/v1\/wp-json\/wp\/v2\/posts\/11911\/revisions"}],"predecessor-version":[{"id":11913,"href":"https:\/\/www.brazilianpress.com\/v1\/wp-json\/wp\/v2\/posts\/11911\/revisions\/11913"}],"wp:featuredmedia":[{"embeddable":true,"href":"https:\/\/www.brazilianpress.com\/v1\/wp-json\/wp\/v2\/media\/11912"}],"wp:attachment":[{"href":"https:\/\/www.brazilianpress.com\/v1\/wp-json\/wp\/v2\/media?parent=11911"}],"wp:term":[{"taxonomy":"category","embeddable":true,"href":"https:\/\/www.brazilianpress.com\/v1\/wp-json\/wp\/v2\/categories?post=11911"},{"taxonomy":"post_tag","embeddable":true,"href":"https:\/\/www.brazilianpress.com\/v1\/wp-json\/wp\/v2\/tags?post=11911"}],"curies":[{"name":"wp","href":"https:\/\/api.w.org\/{rel}","templated":true}]}}