{"id":11914,"date":"2015-01-22T13:57:17","date_gmt":"2015-01-22T17:57:17","guid":{"rendered":"http:\/\/www.brazilianpress.com\/v1\/?p=11914"},"modified":"2015-01-22T13:57:17","modified_gmt":"2015-01-22T17:57:17","slug":"lucas-pratto-admite-dificuldade-para-jogar-como-centroavante-no-atletico-mg","status":"publish","type":"post","link":"https:\/\/www.brazilianpress.com\/v1\/2015\/01\/22\/lucas-pratto-admite-dificuldade-para-jogar-como-centroavante-no-atletico-mg\/","title":{"rendered":"Lucas Pratto admite dificuldade para jogar como centroavante no Atl\u00e9tico-MG"},"content":{"rendered":"<p><img loading=\"lazy\" class=\"alignnone size-full wp-image-11915\" src=\"http:\/\/www.brazilianpress.com\/v1\/wp-content\/uploads\/2015\/01\/lucas-pratto.jpg\" alt=\"_lucas pratto\" width=\"500\" height=\"244\" srcset=\"https:\/\/www.brazilianpress.com\/v1\/wp-content\/uploads\/2015\/01\/lucas-pratto.jpg 500w, https:\/\/www.brazilianpress.com\/v1\/wp-content\/uploads\/2015\/01\/lucas-pratto-300x146.jpg 300w\" sizes=\"(max-width: 500px) 100vw, 500px\" \/><\/p>\n<p>Principal contrata\u00e7\u00e3o do Atl\u00e9tico-MG para 2015, Lucas Pratto tem atuado como centroavante durante os treinos, bem diferente da forma que atuava quando defendia o V\u00e9lez Sarsfield. Apesar dos gols marcados nas primeiras atividades t\u00e1ticas, muito em fun\u00e7\u00e3o do bom posicionamento e da \u00f3tima pontaria, o argentino est\u00e1 sentindo muita dificuldade em atuar como centroavante depois alguns anos em outra posi\u00e7\u00e3o.<!--more--><\/p>\n<p>Nas \u00faltimas temporadas a fun\u00e7\u00e3o de Lucas Pratto no V\u00e9lez era jogar pelos lados do campo. Agora, centralizado, ele ressalta que o apoio dos companheiros \u00e9 importante nesse per\u00edodo de readapta\u00e7\u00e3o. &#8220;Creio que o mais dif\u00edcil \u00e9 voltar a atuar como centroavante. No V\u00e9lez eu jogava pelas pontas, agora tenho que voltar a jogar centralizado. Mas como tenho grandes jogadores ao lado, isso fica mais f\u00e1cil, tanto que no coletivo eu tive quatro ou cinco chances. Nesse sentido, o mais dif\u00edcil \u00e9 mesmo voltar a ser centroavante&#8221;, comentou o jogador ao ser indagado sobre o entrosamento nessas primeiras semanas de Brasil.<\/p>\n<p>Apesar do valor gasto pelo clube na sua contrata\u00e7\u00e3o, cerca de R$ 12 milh\u00f5es, e do bom come\u00e7o nos treinos, Lucas Pratto recha\u00e7a qualquer possibilidade em ser o substituto de Diego Tardelli. O argentino ressalta as qualidades do antigo companheiro e tamb\u00e9m quer fazer uma hist\u00f3ria de sucesso dentro do Atl\u00e9tico, correspondendo \u00e0 expectativa da comiss\u00e3o t\u00e9cnica, dos dirigentes e dos torcedores.<\/p>\n<p>&#8220;O Diego Tardelli foi o melhor jogador do Campeonato Brasileiro. Ningu\u00e9m vai substitu\u00ed-lo, porque \u00e9 um jogador titular da sele\u00e7\u00e3o brasileira. Vou tentar devolver a confian\u00e7a de todos e demonstrar para quem me trouxe que eu posso somar na equipe. Lamentavelmente ele foi embora, mas para ele era uma oportunidade \u00fanica&#8221;, explicou o jogador que promete ajudar tamb\u00e9m na marca\u00e7\u00e3o.<\/p>\n<p>&#8220;Sempre tento ajudar a equipe, principalmente quando n\u00e3o temos a bola. Somos um time muito ofensivo e eu vou ser o primeiro a tentar recuperar a bola. Na Libertadores \u00e9 muito dif\u00edcil a disputa a cada jogada. Realmente sou o atacante, mas vou ser o primeiro a tentar roubar a bola&#8221;.<\/p>\n","protected":false},"excerpt":{"rendered":"<p>Principal contrata\u00e7\u00e3o do Atl\u00e9tico-MG para 2015, Lucas Pratto tem atuado como centroavante durante os treinos, bem diferente da forma que atuava quando defendia o V\u00e9lez Sarsfield. Apesar dos gols marcados nas primeiras atividades t\u00e1ticas, muito em fun\u00e7\u00e3o do bom posicionamento e da \u00f3tima pontaria, o argentino est\u00e1 sentindo muita dificuldade em atuar como centroavante depois alguns anos em outra posi\u00e7\u00e3o.<\/p>\n","protected":false},"author":1,"featured_media":11915,"comment_status":"open","ping_status":"open","sticky":false,"template":"","format":"standard","meta":{"_links_to":"","_links_to_target":""},"categories":[9,1],"tags":[],"views":2034,"_links":{"self":[{"href":"https:\/\/www.brazilianpress.com\/v1\/wp-json\/wp\/v2\/posts\/11914"}],"collection":[{"href":"https:\/\/www.brazilianpress.com\/v1\/wp-json\/wp\/v2\/posts"}],"about":[{"href":"https:\/\/www.brazilianpress.com\/v1\/wp-json\/wp\/v2\/types\/post"}],"author":[{"embeddable":true,"href":"https:\/\/www.brazilianpress.com\/v1\/wp-json\/wp\/v2\/users\/1"}],"replies":[{"embeddable":true,"href":"https:\/\/www.brazilianpress.com\/v1\/wp-json\/wp\/v2\/comments?post=11914"}],"version-history":[{"count":1,"href":"https:\/\/www.brazilianpress.com\/v1\/wp-json\/wp\/v2\/posts\/11914\/revisions"}],"predecessor-version":[{"id":11916,"href":"https:\/\/www.brazilianpress.com\/v1\/wp-json\/wp\/v2\/posts\/11914\/revisions\/11916"}],"wp:featuredmedia":[{"embeddable":true,"href":"https:\/\/www.brazilianpress.com\/v1\/wp-json\/wp\/v2\/media\/11915"}],"wp:attachment":[{"href":"https:\/\/www.brazilianpress.com\/v1\/wp-json\/wp\/v2\/media?parent=11914"}],"wp:term":[{"taxonomy":"category","embeddable":true,"href":"https:\/\/www.brazilianpress.com\/v1\/wp-json\/wp\/v2\/categories?post=11914"},{"taxonomy":"post_tag","embeddable":true,"href":"https:\/\/www.brazilianpress.com\/v1\/wp-json\/wp\/v2\/tags?post=11914"}],"curies":[{"name":"wp","href":"https:\/\/api.w.org\/{rel}","templated":true}]}}