{"id":11926,"date":"2015-01-22T14:05:13","date_gmt":"2015-01-22T18:05:13","guid":{"rendered":"http:\/\/www.brazilianpress.com\/v1\/?p=11926"},"modified":"2015-01-22T15:26:01","modified_gmt":"2015-01-22T19:26:01","slug":"muculmano-que-salvou-vidas-em-paris-recebe-a-cidadania","status":"publish","type":"post","link":"https:\/\/www.brazilianpress.com\/v1\/2015\/01\/22\/muculmano-que-salvou-vidas-em-paris-recebe-a-cidadania\/","title":{"rendered":"Mu\u00e7ulmano que salvou vidas em Paris recebe a cidadania"},"content":{"rendered":"<p><img loading=\"lazy\" class=\"alignnone size-full wp-image-11927\" src=\"http:\/\/www.brazilianpress.com\/v1\/wp-content\/uploads\/2015\/01\/muculmano.jpg\" alt=\"_muculmano\" width=\"500\" height=\"300\" srcset=\"https:\/\/www.brazilianpress.com\/v1\/wp-content\/uploads\/2015\/01\/muculmano.jpg 500w, https:\/\/www.brazilianpress.com\/v1\/wp-content\/uploads\/2015\/01\/muculmano-300x180.jpg 300w\" sizes=\"(max-width: 500px) 100vw, 500px\" \/><\/p>\n<p>Um funcion\u00e1rio nascido no Mali, que salvou a vida de judeus durante ataque terrorista ao supermercado franc\u00eas, recebeu cidadania e honras de her\u00f3i das autoridades na ter\u00e7a-feira. O ministro do Interior, Bernard Cazeneuve, elogiou a &#8220;coragem&#8221; e o &#8220;hero\u00edsmo do mu\u00e7ulmano Lassana Bathily, 24, durante uma cerim\u00f4nia com a presen\u00e7a do primeiro-ministro Manuel Valls.\u00a0<!--more--><\/p>\n<p>Cazeneuve disse que &#8220;o ato humanit\u00e1rio (de Bathily) tornou-se um s\u00edmbolo de um isl\u00e3 de paz e toler\u00e2ncia&#8221;.\u00a0Bathily estava na loja em 9 de janeiro quando Amedy Coulibaly invadiu a pista principal e matou quatro pessoas. Bathily desligou o freezer e introduziu v\u00e1rias pessoas de um grupo de clientes. Em seguida, ele foi para uma porta de emerg\u00eancia e ajudou a pol\u00edcia a liberar 15 ref\u00e9ns e matar o atacante.<\/p>\n","protected":false},"excerpt":{"rendered":"<p>Um funcion\u00e1rio nascido no Mali, que salvou a vida de judeus durante ataque terrorista ao supermercado franc\u00eas, recebeu cidadania e honras de her\u00f3i das autoridades na ter\u00e7a-feira. O ministro do Interior, Bernard Cazeneuve, elogiou a &#8220;coragem&#8221; e o &#8220;hero\u00edsmo do mu\u00e7ulmano Lassana Bathily, 24, durante uma cerim\u00f4nia com a presen\u00e7a do primeiro-ministro Manuel Valls.\u00a0<\/p>\n","protected":false},"author":1,"featured_media":11927,"comment_status":"open","ping_status":"open","sticky":false,"template":"","format":"standard","meta":{"_links_to":"","_links_to_target":""},"categories":[8,1],"tags":[],"views":1955,"_links":{"self":[{"href":"https:\/\/www.brazilianpress.com\/v1\/wp-json\/wp\/v2\/posts\/11926"}],"collection":[{"href":"https:\/\/www.brazilianpress.com\/v1\/wp-json\/wp\/v2\/posts"}],"about":[{"href":"https:\/\/www.brazilianpress.com\/v1\/wp-json\/wp\/v2\/types\/post"}],"author":[{"embeddable":true,"href":"https:\/\/www.brazilianpress.com\/v1\/wp-json\/wp\/v2\/users\/1"}],"replies":[{"embeddable":true,"href":"https:\/\/www.brazilianpress.com\/v1\/wp-json\/wp\/v2\/comments?post=11926"}],"version-history":[{"count":1,"href":"https:\/\/www.brazilianpress.com\/v1\/wp-json\/wp\/v2\/posts\/11926\/revisions"}],"predecessor-version":[{"id":11928,"href":"https:\/\/www.brazilianpress.com\/v1\/wp-json\/wp\/v2\/posts\/11926\/revisions\/11928"}],"wp:featuredmedia":[{"embeddable":true,"href":"https:\/\/www.brazilianpress.com\/v1\/wp-json\/wp\/v2\/media\/11927"}],"wp:attachment":[{"href":"https:\/\/www.brazilianpress.com\/v1\/wp-json\/wp\/v2\/media?parent=11926"}],"wp:term":[{"taxonomy":"category","embeddable":true,"href":"https:\/\/www.brazilianpress.com\/v1\/wp-json\/wp\/v2\/categories?post=11926"},{"taxonomy":"post_tag","embeddable":true,"href":"https:\/\/www.brazilianpress.com\/v1\/wp-json\/wp\/v2\/tags?post=11926"}],"curies":[{"name":"wp","href":"https:\/\/api.w.org\/{rel}","templated":true}]}}