{"id":11929,"date":"2015-01-22T14:11:53","date_gmt":"2015-01-22T18:11:53","guid":{"rendered":"http:\/\/www.brazilianpress.com\/v1\/?p=11929"},"modified":"2015-01-22T14:11:53","modified_gmt":"2015-01-22T18:11:53","slug":"aneel-ainda-vai-calcular-impacto-do-aumento-do-diesel-na-cde","status":"publish","type":"post","link":"https:\/\/www.brazilianpress.com\/v1\/2015\/01\/22\/aneel-ainda-vai-calcular-impacto-do-aumento-do-diesel-na-cde\/","title":{"rendered":"Aneel ainda vai calcular impacto do aumento do diesel na CDE"},"content":{"rendered":"<p><img loading=\"lazy\" class=\"alignnone size-full wp-image-11930\" src=\"http:\/\/www.brazilianpress.com\/v1\/wp-content\/uploads\/2015\/01\/economizar-combust\u00edvel.jpg\" alt=\"economizar-combust\u00edvel\" width=\"500\" height=\"281\" srcset=\"https:\/\/www.brazilianpress.com\/v1\/wp-content\/uploads\/2015\/01\/economizar-combust\u00edvel.jpg 500w, https:\/\/www.brazilianpress.com\/v1\/wp-content\/uploads\/2015\/01\/economizar-combust\u00edvel-300x168.jpg 300w\" sizes=\"(max-width: 500px) 100vw, 500px\" \/><\/p>\n<p>O an\u00fancio feito na segunda (19) pelo ministro da Fazenda, Joaquim Levy, sobre o aumento do Programa de Integra\u00e7\u00e3o Social (PIS) e da Contribui\u00e7\u00e3o para o Financiamento da Seguridade Social (Cofins) sobre os combust\u00edveis e o retorno da Contribui\u00e7\u00e3o para Interven\u00e7\u00e3o no Dom\u00ednio Econ\u00f4mico (Cide) pode ter impacto nas despesas da Conta de Desenvolvimento Energ\u00e9tico (CDE). Com os impostos, o valor do diesel, combust\u00edvel usado pelas termel\u00e9tricas, teria um aumento de R$ 0,15 por litro.<!--more--><\/p>\n<p>\u201cOntem, o Minist\u00e9rio da Fazenda anunciou [aumento do] PIS, Cofins e Cide sobre diesel. Parte do consumo dos sistemas isolados \u00e9 diesel e ele subiria de custo. Eu preciso agora fazer as contas para saber qual foi o impacto\u201d disse o diretor da Ag\u00eancia Nacional de Energia El\u00e9trica (Aneel), Tiago Correia, em entrevista aos jornalistas. Correa destacou que \u00e9 preciso investigar se h\u00e1 algum tipo de isen\u00e7\u00e3o para o combust\u00edvel quando este \u00e9 usado pelas t\u00e9rmicas.<\/p>\n<p>Ele ressaltou que o valor da CDE que deve ser pago pelas distribuidoras este ano ser\u00e1 maior que o de 2014, j\u00e1 que, al\u00e9m da possibilidade de impacto do diesel, o governo anunciou que o Tesouro Nacional n\u00e3o far\u00e1 repasses \u00e0 conta.\u00a0 \u201cTivemos uma cota de R$1,7 bilh\u00e3o em 2014 e, mesmo que haja alguma varia\u00e7\u00e3o agora, ela vai ser mais que R$ 20 bilh\u00f5es. Os n\u00fameros est\u00e3o apontando para R$ 23 bilh\u00f5es.\u201d<\/p>\n<p>Para que as empresas do setor possam cobrir os gastos, a Aneel deve definir uma revis\u00e3o extraordin\u00e1ria nos pr\u00f3ximos dias. O acr\u00e9scimo de custos, possivelmente, ser\u00e1 repassado aos consumidores. \u201cComo esse aumento vai ser relativamente expressivo, \u00e9 prov\u00e1vel que haja uma revis\u00e3o extraordin\u00e1ria para repassar isso para as tarifas, o que isso teria impacto para o consumidor\u201d, explicou Correa.<\/p>\n<p>A CDE \u00e9 um dos componentes dos reajustes de luz. A conta \u00e9 custeada pelos consumidores atendidos pelo Sistema Interligado Nacional. Os recursos s\u00e3o usados para promover fontes alternativas, como e\u00f3licas, pequenas centrais hidrel\u00e9tricas, biomassa e carv\u00e3o mineral nacional, al\u00e9m da universaliza\u00e7\u00e3o da energia el\u00e9trica no pa\u00eds. Desde 2012, a CDE tamb\u00e9m \u00e9 usada para compensar a redu\u00e7\u00e3o das tarifas de energia promovida pelo governo federal.<\/p>\n","protected":false},"excerpt":{"rendered":"<p>O an\u00fancio feito na segunda (19) pelo ministro da Fazenda, Joaquim Levy, sobre o aumento do Programa de Integra\u00e7\u00e3o Social (PIS) e da Contribui\u00e7\u00e3o para o Financiamento da Seguridade Social (Cofins) sobre os combust\u00edveis e o retorno da Contribui\u00e7\u00e3o para Interven\u00e7\u00e3o no Dom\u00ednio Econ\u00f4mico (Cide) pode ter impacto nas despesas da Conta de Desenvolvimento Energ\u00e9tico (CDE). Com os impostos, o valor do diesel, combust\u00edvel usado pelas termel\u00e9tricas, teria um aumento de R$ 0,15 por litro.<\/p>\n","protected":false},"author":1,"featured_media":11930,"comment_status":"open","ping_status":"open","sticky":false,"template":"","format":"standard","meta":{"_links_to":"","_links_to_target":""},"categories":[7,1],"tags":[],"views":2294,"_links":{"self":[{"href":"https:\/\/www.brazilianpress.com\/v1\/wp-json\/wp\/v2\/posts\/11929"}],"collection":[{"href":"https:\/\/www.brazilianpress.com\/v1\/wp-json\/wp\/v2\/posts"}],"about":[{"href":"https:\/\/www.brazilianpress.com\/v1\/wp-json\/wp\/v2\/types\/post"}],"author":[{"embeddable":true,"href":"https:\/\/www.brazilianpress.com\/v1\/wp-json\/wp\/v2\/users\/1"}],"replies":[{"embeddable":true,"href":"https:\/\/www.brazilianpress.com\/v1\/wp-json\/wp\/v2\/comments?post=11929"}],"version-history":[{"count":1,"href":"https:\/\/www.brazilianpress.com\/v1\/wp-json\/wp\/v2\/posts\/11929\/revisions"}],"predecessor-version":[{"id":11931,"href":"https:\/\/www.brazilianpress.com\/v1\/wp-json\/wp\/v2\/posts\/11929\/revisions\/11931"}],"wp:featuredmedia":[{"embeddable":true,"href":"https:\/\/www.brazilianpress.com\/v1\/wp-json\/wp\/v2\/media\/11930"}],"wp:attachment":[{"href":"https:\/\/www.brazilianpress.com\/v1\/wp-json\/wp\/v2\/media?parent=11929"}],"wp:term":[{"taxonomy":"category","embeddable":true,"href":"https:\/\/www.brazilianpress.com\/v1\/wp-json\/wp\/v2\/categories?post=11929"},{"taxonomy":"post_tag","embeddable":true,"href":"https:\/\/www.brazilianpress.com\/v1\/wp-json\/wp\/v2\/tags?post=11929"}],"curies":[{"name":"wp","href":"https:\/\/api.w.org\/{rel}","templated":true}]}}