{"id":11932,"date":"2015-01-22T14:13:16","date_gmt":"2015-01-22T18:13:16","guid":{"rendered":"http:\/\/www.brazilianpress.com\/v1\/?p=11932"},"modified":"2015-01-22T14:13:16","modified_gmt":"2015-01-22T18:13:16","slug":"dilma-veta-correcao-de-65-em-tabela-de-imposto-de-renda","status":"publish","type":"post","link":"https:\/\/www.brazilianpress.com\/v1\/2015\/01\/22\/dilma-veta-correcao-de-65-em-tabela-de-imposto-de-renda\/","title":{"rendered":"Dilma veta corre\u00e7\u00e3o de 6,5% em tabela de Imposto de Renda"},"content":{"rendered":"<p><img loading=\"lazy\" class=\"alignnone size-full wp-image-11933\" src=\"http:\/\/www.brazilianpress.com\/v1\/wp-content\/uploads\/2015\/01\/dilma.jpg\" alt=\"Posse de Dilma Rousseff\" width=\"500\" height=\"333\" srcset=\"https:\/\/www.brazilianpress.com\/v1\/wp-content\/uploads\/2015\/01\/dilma.jpg 500w, https:\/\/www.brazilianpress.com\/v1\/wp-content\/uploads\/2015\/01\/dilma-300x199.jpg 300w\" sizes=\"(max-width: 500px) 100vw, 500px\" \/><\/p>\n<p>A presidente Dilma Rousseff vetou a corre\u00e7\u00e3o de 6,5% sobre a tabela de Imposto de Renda para pessoas f\u00edsicas no ano-calend\u00e1rio de 2015, conforme despacho publicado na ter\u00e7a-feira no Di\u00e1rio Oficial da Uni\u00e3o.<\/p>\n<p>&#8220;A proposta levaria \u00e0 ren\u00fancia fiscal na ordem de $7 bilh\u00f5es de reais, sem vir acompanhada da devida estimativa do impacto or\u00e7ament\u00e1rio-financeiro, violando o disposto no art. 14 da Lei de Responsabilidade Fiscal&#8221;, afirmou trecho do despacho.<!--more--><\/p>\n<p>A proposta de ajuste de 6,5% havia sido aprovada pelo Congresso em dezembro. O Executivo chegou a enviar uma medida provis\u00f3ria ao Congresso propondo um reajuste de 4,5 por cento, mas a MP n\u00e3o foi analisada no prazo e perdeu a validade.<\/p>\n<p>Se o reajuste de 6,5% tivesse sido aprovado, pessoas que ganham at\u00e9 R$ 1.903,98 ficariam isentas de Imposto de Renda. Atualmente, o teto de isen\u00e7\u00e3o \u00e9 de R$ 1.787,77.<br \/>\nEm 2014, a infla\u00e7\u00e3o medida pelo IPCA foi de 6,41%. Um reajuste na tabela do IR abaixo desse patamar significa, na pr\u00e1tica, um aumento real do imposto. A expectativa \u00e9 que Dilma edite nova medida provis\u00f3ria com uma corre\u00e7\u00e3o de 4,5% da tabela do IR.<\/p>\n","protected":false},"excerpt":{"rendered":"<p>A presidente Dilma Rousseff vetou a corre\u00e7\u00e3o de 6,5% sobre a tabela de Imposto de Renda para pessoas f\u00edsicas no ano-calend\u00e1rio de 2015, conforme despacho publicado na ter\u00e7a-feira no Di\u00e1rio Oficial da Uni\u00e3o. &#8220;A proposta levaria \u00e0 ren\u00fancia fiscal na ordem de $7 bilh\u00f5es de reais, sem vir acompanhada da devida estimativa do impacto or\u00e7ament\u00e1rio-financeiro, violando o disposto no art. 14 da Lei de Responsabilidade Fiscal&#8221;, afirmou trecho do despacho.<\/p>\n","protected":false},"author":1,"featured_media":11933,"comment_status":"open","ping_status":"open","sticky":false,"template":"","format":"standard","meta":{"_links_to":"","_links_to_target":""},"categories":[7,1],"tags":[],"views":2781,"_links":{"self":[{"href":"https:\/\/www.brazilianpress.com\/v1\/wp-json\/wp\/v2\/posts\/11932"}],"collection":[{"href":"https:\/\/www.brazilianpress.com\/v1\/wp-json\/wp\/v2\/posts"}],"about":[{"href":"https:\/\/www.brazilianpress.com\/v1\/wp-json\/wp\/v2\/types\/post"}],"author":[{"embeddable":true,"href":"https:\/\/www.brazilianpress.com\/v1\/wp-json\/wp\/v2\/users\/1"}],"replies":[{"embeddable":true,"href":"https:\/\/www.brazilianpress.com\/v1\/wp-json\/wp\/v2\/comments?post=11932"}],"version-history":[{"count":1,"href":"https:\/\/www.brazilianpress.com\/v1\/wp-json\/wp\/v2\/posts\/11932\/revisions"}],"predecessor-version":[{"id":11934,"href":"https:\/\/www.brazilianpress.com\/v1\/wp-json\/wp\/v2\/posts\/11932\/revisions\/11934"}],"wp:featuredmedia":[{"embeddable":true,"href":"https:\/\/www.brazilianpress.com\/v1\/wp-json\/wp\/v2\/media\/11933"}],"wp:attachment":[{"href":"https:\/\/www.brazilianpress.com\/v1\/wp-json\/wp\/v2\/media?parent=11932"}],"wp:term":[{"taxonomy":"category","embeddable":true,"href":"https:\/\/www.brazilianpress.com\/v1\/wp-json\/wp\/v2\/categories?post=11932"},{"taxonomy":"post_tag","embeddable":true,"href":"https:\/\/www.brazilianpress.com\/v1\/wp-json\/wp\/v2\/tags?post=11932"}],"curies":[{"name":"wp","href":"https:\/\/api.w.org\/{rel}","templated":true}]}}