{"id":11935,"date":"2015-01-22T14:18:06","date_gmt":"2015-01-22T18:18:06","guid":{"rendered":"http:\/\/www.brazilianpress.com\/v1\/?p=11935"},"modified":"2015-01-22T15:34:06","modified_gmt":"2015-01-22T19:34:06","slug":"chuva-de-aranhas-assusta-moradores-de-distrito-em-sao-manuel-sp","status":"publish","type":"post","link":"https:\/\/www.brazilianpress.com\/v1\/2015\/01\/22\/chuva-de-aranhas-assusta-moradores-de-distrito-em-sao-manuel-sp\/","title":{"rendered":"&#8216;Chuva&#8217; de aranhas assusta moradores de distrito em S\u00e3o Manuel-SP"},"content":{"rendered":"<p><img loading=\"lazy\" class=\"alignnone size-full wp-image-11936\" src=\"http:\/\/www.brazilianpress.com\/v1\/wp-content\/uploads\/2015\/01\/aranhas.jpg\" alt=\"aranhas\" width=\"500\" height=\"325\" srcset=\"https:\/\/www.brazilianpress.com\/v1\/wp-content\/uploads\/2015\/01\/aranhas.jpg 500w, https:\/\/www.brazilianpress.com\/v1\/wp-content\/uploads\/2015\/01\/aranhas-300x195.jpg 300w\" sizes=\"(max-width: 500px) 100vw, 500px\" \/><\/p>\n<p>Milhares de aranhas infestam a \u00e1rea urbana e se acumulam em \u00e1rvores ou postes de ilumina\u00e7\u00e3o do distrito de Aparecida, munic\u00edpio de S\u00e3o Manuel, na regi\u00e3o central do Estado de S\u00e3o Paulo. \u00c0 tarde, os aracn\u00eddeos se desprendem das teias e flutuam no espa\u00e7o ou acabam caindo ao solo. A &#8216;chuva de aranha&#8217; assusta os quase quatro mil moradores locais. Crian\u00e7as e jovens deixam de sair de casa com medo de serem atingidas pelas aranhas.<!--more--><\/p>\n<p>De acordo com o subprefeito Marcos Jorge Rodrigues, n\u00e3o \u00e9 a primeira vez que o fen\u00f4meno ocorre. Equipes da prefeitura removem os aracn\u00eddeos, mas n\u00e3o conseguem dar conta da grande quantidade deles. Nesta \u00e9poca, segundo ele, o aumento da temperatura e da umidade fazem com que as aranhas se reproduzam e se agrupem, formando &#8220;ninhos&#8221; de teias. &#8220;Esses aracn\u00eddeos s\u00e3o atra\u00eddos pela luz, por isso acabam formando col\u00f4nias nos bra\u00e7os dos postes.&#8221;<\/p>\n<p>As aranhas t\u00eam alimenta\u00e7\u00e3o f\u00e1cil perto da luz porque os insetos atra\u00eddos pela luminosidade ficam presos nas teias, conta Rodrigues. Segundo ele, equipes orientadas por bi\u00f3logos contratados pela prefeitura est\u00e3o removendo as aranhas para fazendas da regi\u00e3o. &#8220;Elas n\u00e3o s\u00e3o venenosas e t\u00eam um papel importante na natureza, por isso levamos para as matas que s\u00e3o seu habitat natural.&#8221;<\/p>\n","protected":false},"excerpt":{"rendered":"<p>Milhares de aranhas infestam a \u00e1rea urbana e se acumulam em \u00e1rvores ou postes de ilumina\u00e7\u00e3o do distrito de Aparecida, munic\u00edpio de S\u00e3o Manuel, na regi\u00e3o central do Estado de S\u00e3o Paulo. \u00c0 tarde, os aracn\u00eddeos se desprendem das teias e flutuam no espa\u00e7o ou acabam caindo ao solo. A &#8216;chuva de aranha&#8217; assusta os quase quatro mil moradores locais. Crian\u00e7as e jovens deixam de sair de casa com medo de serem atingidas pelas aranhas.<\/p>\n","protected":false},"author":1,"featured_media":11936,"comment_status":"open","ping_status":"open","sticky":false,"template":"","format":"standard","meta":{"_links_to":"","_links_to_target":""},"categories":[7,1],"tags":[],"views":5319,"_links":{"self":[{"href":"https:\/\/www.brazilianpress.com\/v1\/wp-json\/wp\/v2\/posts\/11935"}],"collection":[{"href":"https:\/\/www.brazilianpress.com\/v1\/wp-json\/wp\/v2\/posts"}],"about":[{"href":"https:\/\/www.brazilianpress.com\/v1\/wp-json\/wp\/v2\/types\/post"}],"author":[{"embeddable":true,"href":"https:\/\/www.brazilianpress.com\/v1\/wp-json\/wp\/v2\/users\/1"}],"replies":[{"embeddable":true,"href":"https:\/\/www.brazilianpress.com\/v1\/wp-json\/wp\/v2\/comments?post=11935"}],"version-history":[{"count":1,"href":"https:\/\/www.brazilianpress.com\/v1\/wp-json\/wp\/v2\/posts\/11935\/revisions"}],"predecessor-version":[{"id":11937,"href":"https:\/\/www.brazilianpress.com\/v1\/wp-json\/wp\/v2\/posts\/11935\/revisions\/11937"}],"wp:featuredmedia":[{"embeddable":true,"href":"https:\/\/www.brazilianpress.com\/v1\/wp-json\/wp\/v2\/media\/11936"}],"wp:attachment":[{"href":"https:\/\/www.brazilianpress.com\/v1\/wp-json\/wp\/v2\/media?parent=11935"}],"wp:term":[{"taxonomy":"category","embeddable":true,"href":"https:\/\/www.brazilianpress.com\/v1\/wp-json\/wp\/v2\/categories?post=11935"},{"taxonomy":"post_tag","embeddable":true,"href":"https:\/\/www.brazilianpress.com\/v1\/wp-json\/wp\/v2\/tags?post=11935"}],"curies":[{"name":"wp","href":"https:\/\/api.w.org\/{rel}","templated":true}]}}