{"id":11938,"date":"2015-01-22T14:22:24","date_gmt":"2015-01-22T18:22:24","guid":{"rendered":"http:\/\/www.brazilianpress.com\/v1\/?p=11938"},"modified":"2015-01-22T14:22:24","modified_gmt":"2015-01-22T18:22:24","slug":"facebook-enviara-alertas-sobre-pessoas-desaparecidas","status":"publish","type":"post","link":"https:\/\/www.brazilianpress.com\/v1\/2015\/01\/22\/facebook-enviara-alertas-sobre-pessoas-desaparecidas\/","title":{"rendered":"Facebook enviar\u00e1 alertas sobre pessoas desaparecidas"},"content":{"rendered":"<p><img loading=\"lazy\" class=\"alignnone size-full wp-image-11939\" src=\"http:\/\/www.brazilianpress.com\/v1\/wp-content\/uploads\/2015\/01\/facebook-amber-alert.jpg\" alt=\"facebook amber alert\" width=\"500\" height=\"281\" srcset=\"https:\/\/www.brazilianpress.com\/v1\/wp-content\/uploads\/2015\/01\/facebook-amber-alert.jpg 500w, https:\/\/www.brazilianpress.com\/v1\/wp-content\/uploads\/2015\/01\/facebook-amber-alert-300x168.jpg 300w\" sizes=\"(max-width: 500px) 100vw, 500px\" \/><\/p>\n<p>O Facebook come\u00e7ou a enviar alertas sobre pessoas desaparecidas no feed de not\u00edcias de seus usu\u00e1rios na rede. As primeiras experi\u00eancias nesse sentido est\u00e3o sendo realizadas nos Estados Unidos em parceria com o centro americano de crian\u00e7as desaparecidas (NCMEC, na sigla em ingl\u00eas) e operadoras de telefonia.<!--more--><\/p>\n<p>Os &#8220;Amber Alerts&#8221; (nome dado aos avisos eletr\u00f4nicos de crian\u00e7as desaparecidas nos EUA) aparecem entre posts, vem com uma foto da pessoa desaparecida, um texto detalhando a \u00faltima vez que ela foi vista, o local e um telefone para contato. \u00c9 poss\u00edvel ainda clicar em Learn More (para saber mais sobre o caso) ou em Share (para compartilhar o alerta na sua timeline).<\/p>\n<p>Emily Vacher, diretora do Facebook respons\u00e1vel pela novidade, disse que sugeriu a incorpora\u00e7\u00e3o dos alertas ap\u00f3s notar que v\u00e1rios usu\u00e1rios publicavam comunicados de pessoas desaparecidas em suas timelines.<\/p>\n<p>Os alertas s\u00e3o disparados a usu\u00e1rios que tenham o aplicativo no celular e s\u00e3o<\/p>\n<p>baseados em geolocaliza\u00e7\u00e3o. Ou seja, apenas usu\u00e1rios que estejam pr\u00f3ximos aos locais do desaparecimento e ser\u00e3o enviados por at\u00e9 no m\u00e1ximo 24 horas ap\u00f3s a notifica\u00e7\u00e3o da NCMEC.<\/p>\n<p>&#8220;Essa \u00e9 a coisa mais pr\u00f3ximo do tempo real que n\u00f3s podemos querer,&#8221; disse John Ryan, presidente da NCMEC ao Wall Street Journal.<\/p>\n<p>N\u00e3o h\u00e1 informa\u00e7\u00f5es se o mesmo recurso ser\u00e1 exportado para outros pa\u00edses.<\/p>\n","protected":false},"excerpt":{"rendered":"<p>O Facebook come\u00e7ou a enviar alertas sobre pessoas desaparecidas no feed de not\u00edcias de seus usu\u00e1rios na rede. As primeiras experi\u00eancias nesse sentido est\u00e3o sendo realizadas nos Estados Unidos em parceria com o centro americano de crian\u00e7as desaparecidas (NCMEC, na sigla em ingl\u00eas) e operadoras de telefonia.<\/p>\n","protected":false},"author":1,"featured_media":11939,"comment_status":"open","ping_status":"open","sticky":false,"template":"","format":"standard","meta":{"_links_to":"","_links_to_target":""},"categories":[1,10],"tags":[],"views":2086,"_links":{"self":[{"href":"https:\/\/www.brazilianpress.com\/v1\/wp-json\/wp\/v2\/posts\/11938"}],"collection":[{"href":"https:\/\/www.brazilianpress.com\/v1\/wp-json\/wp\/v2\/posts"}],"about":[{"href":"https:\/\/www.brazilianpress.com\/v1\/wp-json\/wp\/v2\/types\/post"}],"author":[{"embeddable":true,"href":"https:\/\/www.brazilianpress.com\/v1\/wp-json\/wp\/v2\/users\/1"}],"replies":[{"embeddable":true,"href":"https:\/\/www.brazilianpress.com\/v1\/wp-json\/wp\/v2\/comments?post=11938"}],"version-history":[{"count":1,"href":"https:\/\/www.brazilianpress.com\/v1\/wp-json\/wp\/v2\/posts\/11938\/revisions"}],"predecessor-version":[{"id":11940,"href":"https:\/\/www.brazilianpress.com\/v1\/wp-json\/wp\/v2\/posts\/11938\/revisions\/11940"}],"wp:featuredmedia":[{"embeddable":true,"href":"https:\/\/www.brazilianpress.com\/v1\/wp-json\/wp\/v2\/media\/11939"}],"wp:attachment":[{"href":"https:\/\/www.brazilianpress.com\/v1\/wp-json\/wp\/v2\/media?parent=11938"}],"wp:term":[{"taxonomy":"category","embeddable":true,"href":"https:\/\/www.brazilianpress.com\/v1\/wp-json\/wp\/v2\/categories?post=11938"},{"taxonomy":"post_tag","embeddable":true,"href":"https:\/\/www.brazilianpress.com\/v1\/wp-json\/wp\/v2\/tags?post=11938"}],"curies":[{"name":"wp","href":"https:\/\/api.w.org\/{rel}","templated":true}]}}