{"id":11941,"date":"2015-01-22T14:23:31","date_gmt":"2015-01-22T18:23:31","guid":{"rendered":"http:\/\/www.brazilianpress.com\/v1\/?p=11941"},"modified":"2015-01-22T14:23:31","modified_gmt":"2015-01-22T18:23:31","slug":"nova-york-busca-entendimento-entre-usuarios-e-vizinhos-de-airbnb","status":"publish","type":"post","link":"https:\/\/www.brazilianpress.com\/v1\/2015\/01\/22\/nova-york-busca-entendimento-entre-usuarios-e-vizinhos-de-airbnb\/","title":{"rendered":"Nova York busca entendimento entre usu\u00e1rios e vizinhos de Airbnb"},"content":{"rendered":"<p><img loading=\"lazy\" class=\"alignnone size-full wp-image-11942\" src=\"http:\/\/www.brazilianpress.com\/v1\/wp-content\/uploads\/2015\/01\/new-york.jpg\" alt=\"new york\" width=\"500\" height=\"332\" srcset=\"https:\/\/www.brazilianpress.com\/v1\/wp-content\/uploads\/2015\/01\/new-york.jpg 500w, https:\/\/www.brazilianpress.com\/v1\/wp-content\/uploads\/2015\/01\/new-york-300x199.jpg 300w\" sizes=\"(max-width: 500px) 100vw, 500px\" \/><\/p>\n<p>A complicada rela\u00e7\u00e3o legal do site de aluguel de im\u00f3veis particulares AirBnb com Nova York teve na ter\u00e7a-feira um novo epis\u00f3dio no Conselho Municipal, onde as partes afetadas se reuniram para discutir o efeito que teve sobre os bairros vizinhos e os adeptos do sistema.<\/p>\n<p>O protagonismo deste debate n\u00e3o foi desta vez dos propriet\u00e1rios dos apartamentos ou dos empres\u00e1rios hoteleiros, mas dos particulares que realizam ou convivem com esta pr\u00e1tica.<!--more--><\/p>\n<p>E \u00e9 que a popularidade desta iniciativa online de aluguel de espa\u00e7os privados mudou, para bem e para mal, o ambiente de bairros tradicionais de Nova York e provocou uma controv\u00e9rsia sobre seus benef\u00edcios e efeitos colaterais.<\/p>\n<p>Entre os que protestaram pelo efeito do AirBnb estava uma mulher do Upper West Side, que exp\u00f4s como este formato de aluguel transformou sua vizinhan\u00e7a tranquila em um imprevis\u00edvel ir e vir de gente que encheu o lugar &#8220;de drogas e de prostitui\u00e7\u00e3o&#8221;.<\/p>\n<p>Ela assinalou que os propriet\u00e1rios dos apartamentos, ao ver a rentabilidade de alugar suas casas pontualmente, est\u00e3o for\u00e7ando os inquilinos convencionais a deixarem os im\u00f3veis.<\/p>\n<p>Efetivamente, entre os efeitos negativos da pr\u00e1tica est\u00e1 o aumento do pre\u00e7o do aluguel, apesar de para o turista a hospedagem ter barateado.<\/p>\n<p>Entre os que destacaram os benef\u00edcios do Airbnb, um morador do Queens reconheceu que gra\u00e7as a subloca\u00e7\u00e3o de um dos quartos de sua casa conseguiu pagar um tratamento m\u00e9dico que salvou sua vida.<\/p>\n<p>Em uma cidade como Nova York, onde n\u00e3o \u00e9 permitido alugu\u00e9is inferiores a 30 dias de estadia, a proposta comercial do Airbnb teve, al\u00e9m de problemas com moradores, problemas legais desde o momento em que se tornou uma pr\u00e1tica difundida.<\/p>\n<p>Em princ\u00edpio os fundadores da empresa pediram \u00e0s autoridades: &#8220;N\u00e3o acabem com algo maravilhoso antes de entender de que se trata&#8221;, nas p\u00e1ginas do &#8220;Wall Street Journal&#8221;.<\/p>\n<p>Em abril de 2014, a procuradoria de Nova York solicitou a um tribunal informa\u00e7\u00e3o sobre as atividades do Airbnb, por ter detectado que quase dois ter\u00e7os das ofertas de apartamentos ou quartos no estado de Nova York que aparecem no site, 64%, poderiam ser &#8220;ilegais&#8221;.<\/p>\n<p>Em maio de 2014 o Airbnb chegou a um acordo com a procuradoria do estado de Nova York, e facilitar\u00e1 os dados de suas atividades e de seus usu\u00e1rios, embora sem entregar informa\u00e7\u00e3o confidencial, para evitar atividades ilegais.<\/p>\n<p>A procuradora-geral adjunta de lit\u00edgios afirmativos de Nova York, Janet Sabel, e o assessor legal geral adjunto do Airbnb, Darren Weingard, chegaram a este acordo &#8220;para proteger os moradores de Nova York e turistas das opera\u00e7\u00f5es de hot\u00e9is ilegais sem deixar de zelar pela privacidade de milhares de outros assinantes&#8221;, informaram ent\u00e3o em comunicado conjunto.<\/p>\n","protected":false},"excerpt":{"rendered":"<p>A complicada rela\u00e7\u00e3o legal do site de aluguel de im\u00f3veis particulares AirBnb com Nova York teve na ter\u00e7a-feira um novo epis\u00f3dio no Conselho Municipal, onde as partes afetadas se reuniram para discutir o efeito que teve sobre os bairros vizinhos e os adeptos do sistema. O protagonismo deste debate n\u00e3o foi desta vez dos propriet\u00e1rios dos apartamentos ou dos empres\u00e1rios hoteleiros, mas dos particulares que realizam ou convivem com esta pr\u00e1tica.<\/p>\n","protected":false},"author":1,"featured_media":11942,"comment_status":"open","ping_status":"open","sticky":false,"template":"","format":"standard","meta":{"_links_to":"","_links_to_target":""},"categories":[1,10],"tags":[],"views":2135,"_links":{"self":[{"href":"https:\/\/www.brazilianpress.com\/v1\/wp-json\/wp\/v2\/posts\/11941"}],"collection":[{"href":"https:\/\/www.brazilianpress.com\/v1\/wp-json\/wp\/v2\/posts"}],"about":[{"href":"https:\/\/www.brazilianpress.com\/v1\/wp-json\/wp\/v2\/types\/post"}],"author":[{"embeddable":true,"href":"https:\/\/www.brazilianpress.com\/v1\/wp-json\/wp\/v2\/users\/1"}],"replies":[{"embeddable":true,"href":"https:\/\/www.brazilianpress.com\/v1\/wp-json\/wp\/v2\/comments?post=11941"}],"version-history":[{"count":1,"href":"https:\/\/www.brazilianpress.com\/v1\/wp-json\/wp\/v2\/posts\/11941\/revisions"}],"predecessor-version":[{"id":11943,"href":"https:\/\/www.brazilianpress.com\/v1\/wp-json\/wp\/v2\/posts\/11941\/revisions\/11943"}],"wp:featuredmedia":[{"embeddable":true,"href":"https:\/\/www.brazilianpress.com\/v1\/wp-json\/wp\/v2\/media\/11942"}],"wp:attachment":[{"href":"https:\/\/www.brazilianpress.com\/v1\/wp-json\/wp\/v2\/media?parent=11941"}],"wp:term":[{"taxonomy":"category","embeddable":true,"href":"https:\/\/www.brazilianpress.com\/v1\/wp-json\/wp\/v2\/categories?post=11941"},{"taxonomy":"post_tag","embeddable":true,"href":"https:\/\/www.brazilianpress.com\/v1\/wp-json\/wp\/v2\/tags?post=11941"}],"curies":[{"name":"wp","href":"https:\/\/api.w.org\/{rel}","templated":true}]}}