{"id":11944,"date":"2015-01-22T14:24:36","date_gmt":"2015-01-22T18:24:36","guid":{"rendered":"http:\/\/www.brazilianpress.com\/v1\/?p=11944"},"modified":"2015-01-22T15:46:00","modified_gmt":"2015-01-22T19:46:00","slug":"estado-de-uniao-cinco-promessas-de-obama-em-2014","status":"publish","type":"post","link":"https:\/\/www.brazilianpress.com\/v1\/2015\/01\/22\/estado-de-uniao-cinco-promessas-de-obama-em-2014\/","title":{"rendered":"Estado de Uni\u00e3o: cinco promessas de Obama em 2014"},"content":{"rendered":"<p><img loading=\"lazy\" class=\"alignnone size-full wp-image-11945\" src=\"http:\/\/www.brazilianpress.com\/v1\/wp-content\/uploads\/2015\/01\/obama.jpg\" alt=\"obama\" width=\"500\" height=\"325\" srcset=\"https:\/\/www.brazilianpress.com\/v1\/wp-content\/uploads\/2015\/01\/obama.jpg 500w, https:\/\/www.brazilianpress.com\/v1\/wp-content\/uploads\/2015\/01\/obama-300x195.jpg 300w\" sizes=\"(max-width: 500px) 100vw, 500px\" \/><\/p>\n<p>Em seu discurso do Estado da Uni\u00e3o, no ano passado, o presidente Barack Obama declarou que 2014 seria um &#8220;Ano de A\u00e7\u00e3o&#8221; e pode gabar-se de ter alcan\u00e7ado v\u00e1rios dos objetivos anunciados. Por\u00e9m somente os menores dos objetivos.\u00a0Obama poderia cumprir muitas de suas promessas de medidas presidenciais, mas em um ano eleitoral de divis\u00f5es partid\u00e1rias amargas onde o Congresso n\u00e3o apoia os seus planos maiores, que exigiam a aprova\u00e7\u00e3o legislativa.\u00a0Aqui est\u00e3o cinco delas as poderia atender e quais n\u00e3o.<!--more--><\/p>\n<p><strong>IMIGRA\u00c7\u00c3O:<\/strong><\/p>\n<p>&#8220;Vamos fazer a reforma da imigra\u00e7\u00e3o neste ano&#8221;, disse Obama a um Congresso que havia bloqueado os seus esfor\u00e7os.\u00a0E ele fez, embora n\u00e3o tenha sido o plano concebido para fornecer um caminho para a cidadania para mais de 11 milh\u00f5es de imigrantes n\u00e3o autorizados no pa\u00eds.\u00a0Suas medidas s\u00e3o autoriza\u00e7\u00f5es de trabalho e de prote\u00e7\u00e3o da deporta\u00e7\u00e3o para mais de 4 milh\u00f5es desses imigrantes.<\/p>\n<p><strong>SAL\u00c1RIO M\u00cdNIMO:<\/strong><\/p>\n<p>Uma de suas ideias mais ambiciosas era elevar o sal\u00e1rio m\u00ednimo de 7,25 para 10,10 d\u00f3lares por hora.\u00a0O Congresso n\u00e3o gostou, mas o presidente poderia tomar as medidas unilateralmente, mesmo sem a aprova\u00e7\u00e3o dos congressistas. Apesar de ter ajudado um pouco, de acordo com a Casa Branca, o seu impacto foi maior porque v\u00e1rios estados e munic\u00edpios aumentaram sua sal\u00e1rio m\u00ednimo.<\/p>\n<p><strong>POUPAN\u00c7A PARA APOSENTADORIA:<\/strong><\/p>\n<p>Obama poderia criar uma nova conta de poupan\u00e7a para a aposentadoria destinada a pessoas de renda m\u00e9dia e baixa que n\u00e3o t\u00eam a valor do investimento inicial exigido por muitos fundos privados.\u00a0Durante anos Obama pede ao Congresso para estimular a poupan\u00e7a, permitindo que todos os funcion\u00e1rios sejam inscritos automaticamente nos fundos a menos que eles optem por n\u00e3o. Mas o Congresso n\u00e3o discutiu a medida e Obama teve de optar por um plano mais modesto. O Tesouro criou um novo v\u00ednculo como uma base para o investimento e h\u00e1 um m\u00eas iniciou um projeto-piloto um pequeno grupo de empregadores, com a inten\u00e7\u00e3o de estend\u00ea-lo at\u00e9 o fim do ano.<\/p>\n<p><strong>IMPOSTO:<\/strong><\/p>\n<p>Obama prop\u00f4s a extens\u00e3o do cr\u00e9dito fiscal sobre o rendimento, o que ajuda a aumentar os sal\u00e1rios de fam\u00edlias de baixa renda atrav\u00e9s de reembolsos.\u00a0&#8220;Trabalhando juntos para fortalecer o cr\u00e9dito, recompensar o trabalho e ajudar mais americanos para o progresso&#8221;, disse Obama.\u00a0Era muito otimista: o Congresso n\u00e3o aprova a proposta.<\/p>\n<p><strong>ENERGIA:<\/strong><\/p>\n<p>Obama disse que o objetivo de sua pol\u00edtica energ\u00e9tica era criar postos de trabalho e um planeta mais limpo, e anunciou que queria elevar os padr\u00f5es de economia de combust\u00edvel para caminh\u00f5es.\u00a0O processo est\u00e1 em andamento e a regulamenta\u00e7\u00e3o ser\u00e1 proposta em mar\u00e7o de 2015, est\u00e1 prevista para ser aprovada no pr\u00f3ximo ano.<\/p>\n","protected":false},"excerpt":{"rendered":"<p>Em seu discurso do Estado da Uni\u00e3o, no ano passado, o presidente Barack Obama declarou que 2014 seria um &#8220;Ano de A\u00e7\u00e3o&#8221; e pode gabar-se de ter alcan\u00e7ado v\u00e1rios dos objetivos anunciados. Por\u00e9m somente os menores dos objetivos.\u00a0Obama poderia cumprir muitas de suas promessas de medidas presidenciais, mas em um ano eleitoral de divis\u00f5es partid\u00e1rias amargas onde o Congresso n\u00e3o apoia os seus planos maiores, que exigiam a aprova\u00e7\u00e3o legislativa.\u00a0Aqui est\u00e3o cinco delas as poderia atender e quais n\u00e3o.<\/p>\n","protected":false},"author":1,"featured_media":11945,"comment_status":"open","ping_status":"open","sticky":false,"template":"","format":"standard","meta":{"_links_to":"","_links_to_target":""},"categories":[1,10],"tags":[],"views":2350,"_links":{"self":[{"href":"https:\/\/www.brazilianpress.com\/v1\/wp-json\/wp\/v2\/posts\/11944"}],"collection":[{"href":"https:\/\/www.brazilianpress.com\/v1\/wp-json\/wp\/v2\/posts"}],"about":[{"href":"https:\/\/www.brazilianpress.com\/v1\/wp-json\/wp\/v2\/types\/post"}],"author":[{"embeddable":true,"href":"https:\/\/www.brazilianpress.com\/v1\/wp-json\/wp\/v2\/users\/1"}],"replies":[{"embeddable":true,"href":"https:\/\/www.brazilianpress.com\/v1\/wp-json\/wp\/v2\/comments?post=11944"}],"version-history":[{"count":1,"href":"https:\/\/www.brazilianpress.com\/v1\/wp-json\/wp\/v2\/posts\/11944\/revisions"}],"predecessor-version":[{"id":11946,"href":"https:\/\/www.brazilianpress.com\/v1\/wp-json\/wp\/v2\/posts\/11944\/revisions\/11946"}],"wp:featuredmedia":[{"embeddable":true,"href":"https:\/\/www.brazilianpress.com\/v1\/wp-json\/wp\/v2\/media\/11945"}],"wp:attachment":[{"href":"https:\/\/www.brazilianpress.com\/v1\/wp-json\/wp\/v2\/media?parent=11944"}],"wp:term":[{"taxonomy":"category","embeddable":true,"href":"https:\/\/www.brazilianpress.com\/v1\/wp-json\/wp\/v2\/categories?post=11944"},{"taxonomy":"post_tag","embeddable":true,"href":"https:\/\/www.brazilianpress.com\/v1\/wp-json\/wp\/v2\/tags?post=11944"}],"curies":[{"name":"wp","href":"https:\/\/api.w.org\/{rel}","templated":true}]}}