{"id":11959,"date":"2015-01-22T15:31:33","date_gmt":"2015-01-22T19:31:33","guid":{"rendered":"http:\/\/www.brazilianpress.com\/v1\/?p=11959"},"modified":"2015-01-29T09:43:48","modified_gmt":"2015-01-29T13:43:48","slug":"paciente-com-sintomas-de-ebola-internada-em-new-jersey","status":"publish","type":"post","link":"https:\/\/www.brazilianpress.com\/v1\/2015\/01\/22\/paciente-com-sintomas-de-ebola-internada-em-new-jersey\/","title":{"rendered":"Paciente com sintomas de Ebola internada em New Jersey"},"content":{"rendered":"<p><img loading=\"lazy\" class=\"alignnone size-full wp-image-11960\" src=\"http:\/\/www.brazilianpress.com\/v1\/wp-content\/uploads\/2015\/01\/ebola-nj.jpg\" alt=\"_ebola nj\" width=\"500\" height=\"345\" srcset=\"https:\/\/www.brazilianpress.com\/v1\/wp-content\/uploads\/2015\/01\/ebola-nj.jpg 500w, https:\/\/www.brazilianpress.com\/v1\/wp-content\/uploads\/2015\/01\/ebola-nj-300x207.jpg 300w\" sizes=\"(max-width: 500px) 100vw, 500px\" \/><\/p>\n<p>Uma mulher com sintomas de Ebola est\u00e1 sendo avaliada em um hospital estadual do Estado Jardim depois de ter sido retirada de um voo que chegou em Newark saindo de Serra Leoa. A passageira chegou segunda-feira em um voo da United Airlines depois de uma parada em Bruxelas, disseram as autoridades.<!--more--><\/p>\n<p>A mulher tinha sintomas de v\u00f4mitos e febre, por isso ela foi internada no hospital Hackensack Medical Center. Serra Leoa \u00e9 um dos pa\u00edses afetados pela epidemia de Ebola da \u00c1frica Ocidental O Daily Record disse que a paciente \u00e9 uma m\u00e9dica que trabalhou com pacientes infectados na \u00e1rea. V\u00e1rios tweets foram emitidos pelos passageiros quando os especialistas retiraram a mulher do avi\u00e3o.<\/p>\n<p>A sala de emerg\u00eancia do hospital foi bloqueada segunda-feira a noite, os outros pacientes tiveram de ser internados no sagu\u00e3o do hospital. A paciente passou a noite em observa\u00e7\u00e3o para as avalia\u00e7\u00f5es adequadas com extrema cautela, de acordo com um comunicado divulgado pelo hospital em Hackensack.<\/p>\n<p>O \u00fanico caso diagnosticado de Ebola, at\u00e9 agora em Nova York, em 23 de outubro, foi o doutor Craig Spencer, que estava trabalhando na Guin\u00e9 entre setembro e meados de outubro. Ele come\u00e7ou a sentir os sintomas que deram positivo e no dia 11 de novembro recebeu alta para tratamento em casa.<\/p>\n","protected":false},"excerpt":{"rendered":"<p>Uma mulher com sintomas de Ebola est\u00e1 sendo avaliada em um hospital estadual do Estado Jardim depois de ter sido retirada de um voo que chegou em Newark saindo de Serra Leoa. A passageira chegou segunda-feira em um voo da United Airlines depois de uma parada em Bruxelas, disseram as autoridades.<\/p>\n","protected":false},"author":1,"featured_media":11960,"comment_status":"open","ping_status":"open","sticky":false,"template":"","format":"standard","meta":{"_links_to":"","_links_to_target":""},"categories":[4,1],"tags":[],"views":2271,"_links":{"self":[{"href":"https:\/\/www.brazilianpress.com\/v1\/wp-json\/wp\/v2\/posts\/11959"}],"collection":[{"href":"https:\/\/www.brazilianpress.com\/v1\/wp-json\/wp\/v2\/posts"}],"about":[{"href":"https:\/\/www.brazilianpress.com\/v1\/wp-json\/wp\/v2\/types\/post"}],"author":[{"embeddable":true,"href":"https:\/\/www.brazilianpress.com\/v1\/wp-json\/wp\/v2\/users\/1"}],"replies":[{"embeddable":true,"href":"https:\/\/www.brazilianpress.com\/v1\/wp-json\/wp\/v2\/comments?post=11959"}],"version-history":[{"count":1,"href":"https:\/\/www.brazilianpress.com\/v1\/wp-json\/wp\/v2\/posts\/11959\/revisions"}],"predecessor-version":[{"id":11961,"href":"https:\/\/www.brazilianpress.com\/v1\/wp-json\/wp\/v2\/posts\/11959\/revisions\/11961"}],"wp:featuredmedia":[{"embeddable":true,"href":"https:\/\/www.brazilianpress.com\/v1\/wp-json\/wp\/v2\/media\/11960"}],"wp:attachment":[{"href":"https:\/\/www.brazilianpress.com\/v1\/wp-json\/wp\/v2\/media?parent=11959"}],"wp:term":[{"taxonomy":"category","embeddable":true,"href":"https:\/\/www.brazilianpress.com\/v1\/wp-json\/wp\/v2\/categories?post=11959"},{"taxonomy":"post_tag","embeddable":true,"href":"https:\/\/www.brazilianpress.com\/v1\/wp-json\/wp\/v2\/tags?post=11959"}],"curies":[{"name":"wp","href":"https:\/\/api.w.org\/{rel}","templated":true}]}}