{"id":11971,"date":"2015-01-22T15:41:08","date_gmt":"2015-01-22T19:41:08","guid":{"rendered":"http:\/\/www.brazilianpress.com\/v1\/?p=11971"},"modified":"2015-04-23T10:45:13","modified_gmt":"2015-04-23T14:45:13","slug":"fatos-fotos-by-rejes-salomao-22012015","status":"publish","type":"post","link":"https:\/\/www.brazilianpress.com\/v1\/2015\/01\/22\/fatos-fotos-by-rejes-salomao-22012015\/","title":{"rendered":"Fatos &#038; Fotos, by Rejes Salom\u00e3o . 22\/01\/2015"},"content":{"rendered":"<p><img src=\"http:\/\/www.brazilianpress.com\/v1\/wp-content\/uploads\/2014\/12\/fatos-fotos-rejes-salomao.jpg\" alt=\"fatos fotos rejes salomao\" \/><\/p>\n<p><strong><em><img loading=\"lazy\" class=\"alignnone size-full wp-image-11977\" src=\"http:\/\/www.brazilianpress.com\/v1\/wp-content\/uploads\/2015\/01\/rejes-ed1715-20150122-6.jpg\" alt=\"rejes ed1715 20150122 (6)\" width=\"450\" height=\"600\" srcset=\"https:\/\/www.brazilianpress.com\/v1\/wp-content\/uploads\/2015\/01\/rejes-ed1715-20150122-6.jpg 450w, https:\/\/www.brazilianpress.com\/v1\/wp-content\/uploads\/2015\/01\/rejes-ed1715-20150122-6-225x300.jpg 225w\" sizes=\"(max-width: 450px) 100vw, 450px\" \/><br \/>\nA bela Renata S\u00e1, a caratinguense que dirige uma rede de postos de gasolina da fam\u00edlia, brindando \u00e0 vida, \u00e9 claro com Moet Chandon.<\/em><\/strong><\/p>\n<p><strong><em><img loading=\"lazy\" class=\"alignnone size-full wp-image-11972\" src=\"http:\/\/www.brazilianpress.com\/v1\/wp-content\/uploads\/2015\/01\/rejes-ed1715-20150122-1.jpg\" alt=\"rejes ed1715 20150122 (1)\" width=\"450\" height=\"560\" srcset=\"https:\/\/www.brazilianpress.com\/v1\/wp-content\/uploads\/2015\/01\/rejes-ed1715-20150122-1.jpg 450w, https:\/\/www.brazilianpress.com\/v1\/wp-content\/uploads\/2015\/01\/rejes-ed1715-20150122-1-241x300.jpg 241w\" sizes=\"(max-width: 450px) 100vw, 450px\" \/><br \/>\nA gata Luana Alves, de Itambacuri comemorou seu niver na \u00faltima semana. Luana trabalha com efici\u00eancia na delegacia da cidade.<\/em><\/strong><!--more--><\/p>\n<p><strong><em><img loading=\"lazy\" class=\"alignnone size-full wp-image-11974\" src=\"http:\/\/www.brazilianpress.com\/v1\/wp-content\/uploads\/2015\/01\/rejes-ed1715-20150122-3.jpg\" alt=\"rejes ed1715 20150122 (3)\" width=\"450\" height=\"518\" srcset=\"https:\/\/www.brazilianpress.com\/v1\/wp-content\/uploads\/2015\/01\/rejes-ed1715-20150122-3.jpg 450w, https:\/\/www.brazilianpress.com\/v1\/wp-content\/uploads\/2015\/01\/rejes-ed1715-20150122-3-260x300.jpg 260w\" sizes=\"(max-width: 450px) 100vw, 450px\" \/><br \/>\nO internacional Chef de Cuisine , Cleyton Concept.<\/em><\/strong><\/p>\n<p><strong><em><img loading=\"lazy\" class=\"alignnone size-full wp-image-11973\" src=\"http:\/\/www.brazilianpress.com\/v1\/wp-content\/uploads\/2015\/01\/rejes-ed1715-20150122-2.jpg\" alt=\"rejes ed1715 20150122 (2)\" width=\"450\" height=\"600\" srcset=\"https:\/\/www.brazilianpress.com\/v1\/wp-content\/uploads\/2015\/01\/rejes-ed1715-20150122-2.jpg 450w, https:\/\/www.brazilianpress.com\/v1\/wp-content\/uploads\/2015\/01\/rejes-ed1715-20150122-2-225x300.jpg 225w\" sizes=\"(max-width: 450px) 100vw, 450px\" \/><br \/>\nA voz padr\u00e3o da regi\u00e3o Ary Menezes, ele que h\u00e1 mais de tr\u00eas d\u00e9cadas \u00e9 o locutor oficial da Expo Agro.<\/em><\/strong><\/p>\n<p><strong><em><img loading=\"lazy\" class=\"alignnone size-full wp-image-11975\" src=\"http:\/\/www.brazilianpress.com\/v1\/wp-content\/uploads\/2015\/01\/rejes-ed1715-20150122-4.jpg\" alt=\"rejes ed1715 20150122 (4)\" width=\"450\" height=\"600\" srcset=\"https:\/\/www.brazilianpress.com\/v1\/wp-content\/uploads\/2015\/01\/rejes-ed1715-20150122-4.jpg 450w, https:\/\/www.brazilianpress.com\/v1\/wp-content\/uploads\/2015\/01\/rejes-ed1715-20150122-4-225x300.jpg 225w\" sizes=\"(max-width: 450px) 100vw, 450px\" \/><br \/>\nEm dois tempos na TV Record, corta pra mim Marcelo Resende e Ant\u00f4nio M\u00e1rio.<\/em><\/strong><\/p>\n<p><strong><em><img loading=\"lazy\" class=\"alignnone size-full wp-image-11975\" src=\"http:\/\/www.brazilianpress.com\/v1\/wp-content\/uploads\/2015\/01\/rejes-ed1715-20150122-4.jpg\" alt=\"rejes ed1715 20150122 (4)\" width=\"450\" height=\"600\" srcset=\"https:\/\/www.brazilianpress.com\/v1\/wp-content\/uploads\/2015\/01\/rejes-ed1715-20150122-4.jpg 450w, https:\/\/www.brazilianpress.com\/v1\/wp-content\/uploads\/2015\/01\/rejes-ed1715-20150122-4-225x300.jpg 225w\" sizes=\"(max-width: 450px) 100vw, 450px\" \/><br \/>\nO executivo da TV Leste Record, Ant\u00f4nio M\u00e1rio, em recente evento em S\u00e3o Paulo comemorando a grande audi\u00eancia da emissora, ao lado da maravilhosa Sabrina Sato que vem conseguindo grande audi\u00eancia nas noites de s\u00e1bado .<\/em><\/strong><\/p>\n","protected":false},"excerpt":{"rendered":"<p>A bela Renata S\u00e1, a caratinguense que dirige uma rede de postos de gasolina da fam\u00edlia, brindando \u00e0 vida, \u00e9 claro com Moet Chandon. A gata Luana Alves, de Itambacuri comemorou seu niver na \u00faltima semana. Luana trabalha com efici\u00eancia na delegacia da cidade.<\/p>\n","protected":false},"author":1,"featured_media":11976,"comment_status":"open","ping_status":"open","sticky":false,"template":"","format":"standard","meta":{"_links_to":"","_links_to_target":""},"categories":[4,19,1],"tags":[],"views":2747,"_links":{"self":[{"href":"https:\/\/www.brazilianpress.com\/v1\/wp-json\/wp\/v2\/posts\/11971"}],"collection":[{"href":"https:\/\/www.brazilianpress.com\/v1\/wp-json\/wp\/v2\/posts"}],"about":[{"href":"https:\/\/www.brazilianpress.com\/v1\/wp-json\/wp\/v2\/types\/post"}],"author":[{"embeddable":true,"href":"https:\/\/www.brazilianpress.com\/v1\/wp-json\/wp\/v2\/users\/1"}],"replies":[{"embeddable":true,"href":"https:\/\/www.brazilianpress.com\/v1\/wp-json\/wp\/v2\/comments?post=11971"}],"version-history":[{"count":1,"href":"https:\/\/www.brazilianpress.com\/v1\/wp-json\/wp\/v2\/posts\/11971\/revisions"}],"predecessor-version":[{"id":11978,"href":"https:\/\/www.brazilianpress.com\/v1\/wp-json\/wp\/v2\/posts\/11971\/revisions\/11978"}],"wp:featuredmedia":[{"embeddable":true,"href":"https:\/\/www.brazilianpress.com\/v1\/wp-json\/wp\/v2\/media\/11976"}],"wp:attachment":[{"href":"https:\/\/www.brazilianpress.com\/v1\/wp-json\/wp\/v2\/media?parent=11971"}],"wp:term":[{"taxonomy":"category","embeddable":true,"href":"https:\/\/www.brazilianpress.com\/v1\/wp-json\/wp\/v2\/categories?post=11971"},{"taxonomy":"post_tag","embeddable":true,"href":"https:\/\/www.brazilianpress.com\/v1\/wp-json\/wp\/v2\/tags?post=11971"}],"curies":[{"name":"wp","href":"https:\/\/api.w.org\/{rel}","templated":true}]}}