{"id":11979,"date":"2015-01-22T15:43:31","date_gmt":"2015-01-22T19:43:31","guid":{"rendered":"http:\/\/www.brazilianpress.com\/v1\/?p=11979"},"modified":"2015-01-29T09:27:15","modified_gmt":"2015-01-29T13:27:15","slug":"incendio-mortal-deixa-varios-feridos-no-brooklyn","status":"publish","type":"post","link":"https:\/\/www.brazilianpress.com\/v1\/2015\/01\/22\/incendio-mortal-deixa-varios-feridos-no-brooklyn\/","title":{"rendered":"Inc\u00eandio mortal deixa v\u00e1rios feridos no Brooklyn"},"content":{"rendered":"<p><img loading=\"lazy\" class=\"alignnone size-full wp-image-11980\" src=\"http:\/\/www.brazilianpress.com\/v1\/wp-content\/uploads\/2015\/01\/incendio1.jpg\" alt=\"incendio\" width=\"500\" height=\"281\" srcset=\"https:\/\/www.brazilianpress.com\/v1\/wp-content\/uploads\/2015\/01\/incendio1.jpg 500w, https:\/\/www.brazilianpress.com\/v1\/wp-content\/uploads\/2015\/01\/incendio1-300x168.jpg 300w\" sizes=\"(max-width: 500px) 100vw, 500px\" \/><\/p>\n<p>Um inc\u00eandio deixou pelo menos um morto e v\u00e1rios feridos no Brooklyn. O fogo atingiu n\u00edvel quatro de alarme e ocorreu por volta das 03h30 da manh\u00e3 em uma \u00e1rea comercial entre as Avenidas Flatbush e Marks.<!--more--><\/p>\n<p>Uma pessoa foi dada como morta na cena do acidente e sete feridos. As v\u00edtimas foram levadas ao hospital para atendimento m\u00e9dico. O Flatbush Avenue foi fechada a partir da Prospect Place at\u00e9 a Bergen Street para a emerg\u00eancia. Cerca de 160 bombeiros correram para debelar o inc\u00eandio. O fogo foi controlado \u00e0s 6h00 da manh\u00e3. A pol\u00edcia ainda est\u00e1 investigando a causa do fogo.<\/p>\n","protected":false},"excerpt":{"rendered":"<p>Um inc\u00eandio deixou pelo menos um morto e v\u00e1rios feridos no Brooklyn. O fogo atingiu n\u00edvel quatro de alarme e ocorreu por volta das 03h30 da manh\u00e3 em uma \u00e1rea comercial entre as Avenidas Flatbush e Marks.<\/p>\n","protected":false},"author":1,"featured_media":11980,"comment_status":"open","ping_status":"open","sticky":false,"template":"","format":"standard","meta":{"_links_to":"","_links_to_target":""},"categories":[4,1],"tags":[],"views":2267,"_links":{"self":[{"href":"https:\/\/www.brazilianpress.com\/v1\/wp-json\/wp\/v2\/posts\/11979"}],"collection":[{"href":"https:\/\/www.brazilianpress.com\/v1\/wp-json\/wp\/v2\/posts"}],"about":[{"href":"https:\/\/www.brazilianpress.com\/v1\/wp-json\/wp\/v2\/types\/post"}],"author":[{"embeddable":true,"href":"https:\/\/www.brazilianpress.com\/v1\/wp-json\/wp\/v2\/users\/1"}],"replies":[{"embeddable":true,"href":"https:\/\/www.brazilianpress.com\/v1\/wp-json\/wp\/v2\/comments?post=11979"}],"version-history":[{"count":1,"href":"https:\/\/www.brazilianpress.com\/v1\/wp-json\/wp\/v2\/posts\/11979\/revisions"}],"predecessor-version":[{"id":11981,"href":"https:\/\/www.brazilianpress.com\/v1\/wp-json\/wp\/v2\/posts\/11979\/revisions\/11981"}],"wp:featuredmedia":[{"embeddable":true,"href":"https:\/\/www.brazilianpress.com\/v1\/wp-json\/wp\/v2\/media\/11980"}],"wp:attachment":[{"href":"https:\/\/www.brazilianpress.com\/v1\/wp-json\/wp\/v2\/media?parent=11979"}],"wp:term":[{"taxonomy":"category","embeddable":true,"href":"https:\/\/www.brazilianpress.com\/v1\/wp-json\/wp\/v2\/categories?post=11979"},{"taxonomy":"post_tag","embeddable":true,"href":"https:\/\/www.brazilianpress.com\/v1\/wp-json\/wp\/v2\/tags?post=11979"}],"curies":[{"name":"wp","href":"https:\/\/api.w.org\/{rel}","templated":true}]}}